{"id":3052,"date":"2025-05-10T09:17:15","date_gmt":"2025-05-10T07:17:15","guid":{"rendered":"https:\/\/melillimonartesania.com\/como-hacer-un-foto-transfer-en-casa-paso-a-paso\/"},"modified":"2025-05-10T10:34:20","modified_gmt":"2025-05-10T08:34:20","slug":"com-fer-un-foto-transfer-a-casa-pas-a-pas","status":"publish","type":"post","link":"https:\/\/melillimonartesania.com\/ca\/com-fer-un-foto-transfer-a-casa-pas-a-pas\/","title":{"rendered":"Com fer un foto transfer a casa pas a pas"},"content":{"rendered":"\n<h3 class=\"wp-block-heading\" id=\"h-que-es-el-foto-transfer\">Qu\u00e8 \u00e9s el foto transfer?<\/h3>\n\n\n\n<p>El <strong>foto transfer<\/strong> \u00e9s una t\u00e8cnica artesanal que permet <strong>transferir una imatge impresa<\/strong> (ja sigui una fotografia, il\u00b7lustraci\u00f3 o disseny gr\u00e0fic) des d\u2019un paper a una <strong>superf\u00edcie s\u00f2lida o t\u00e8xtil<\/strong>, com ara fusta, tela, cartr\u00f3, cer\u00e0mica, vidre, metall o fins i tot espelmes. El resultat \u00e9s una reproducci\u00f3 directa del disseny original, que sembla estar &#8220;impr\u00e8s&#8221; sobre l\u2019objecte, donant-li un aspecte art\u00edstic i personalitzat.<\/p>\n\n\n\n<p>Aquesta t\u00e8cnica ha guanyat molta popularitat en els \u00faltims anys dins del m\u00f3n del DIY (<em>fes-ho tu mateix<\/em>), la decoraci\u00f3 i les manualitats, ja que \u00e9s econ\u00f2mica, vers\u00e0til i permet crear peces \u00faniques a partir de materials que ja tenim a casa.<\/p>\n\n\n\n<h3 class=\"wp-block-heading\" id=\"h-com-funciona\">Com funciona?<\/h3>\n\n\n\n<p>El proc\u00e9s del foto transfer consisteix b\u00e0sicament a <strong>&#8220;transportar&#8221; la tinta<\/strong> d\u2019una imatge impresa (generalment amb impressora l\u00e0ser) a una altra superf\u00edcie utilitzant un <strong>mitj\u00e0 adhesiu o qu\u00edmic<\/strong>, com el <em>gel medium<\/em>, l\u2019acetona o fins i tot la t\u00e8cnica del paper <em>freezer<\/em>.<\/p>\n\n\n\n<p>Durant el proc\u00e9s, el paper actua nom\u00e9s com a suport temporal, ja que, despr\u00e9s d\u2019aplicar el producte i assecar completament, es treu amb cura, deixant nom\u00e9s la tinta incrustada a la superf\u00edcie receptora.<\/p>\n\n\n\n<h3 class=\"wp-block-heading\" id=\"h-quin-tipus-d-imatges-es-poden-transferir\">Quin tipus d\u2019imatges es poden transferir?<\/h3>\n\n\n\n<ul class=\"wp-block-list\">\n<li>Fotografies personals<\/li>\n\n\n\n<li>Dibuixos fets a m\u00e0 o digitals<\/li>\n\n\n\n<li>Frases o tipografies<\/li>\n\n\n\n<li>Elements decoratius (flors, mandales, s\u00edmbols)<\/li>\n\n\n\n<li>Logos o marques (per a <em>packaging<\/em> o <em>branding<\/em> artesanal)<\/li>\n<\/ul>\n\n\n\n<p><strong>Important:<\/strong><br>La imatge ha d\u2019estar impresa amb <strong>impressora l\u00e0ser<\/strong> i, si cont\u00e9 text, s\u2019ha d\u2019imprimir <strong>en mode mirall (invertida horitzontalment)<\/strong>, ja que es transferir\u00e0 al rev\u00e9s.<\/p>\n\n\n\n<h2 class=\"wp-block-heading\" id=\"h-avantatges-del-foto-transfer\">Avantatges del foto transfer<\/h2>\n\n\n\n<ul class=\"wp-block-list\">\n<li><strong>Econ\u00f2mic:<\/strong> No necessites maquin\u00e0ria especialitzada ni materials cars.<\/li>\n\n\n\n<li><strong>Vers\u00e0til:<\/strong> Pots aplicar-lo sobre gaireb\u00e9 qualsevol superf\u00edcie.<\/li>\n\n\n\n<li><strong>Creatiu:<\/strong> Dona llibertat per personalitzar totalment.<\/li>\n\n\n\n<li><strong>Reutilitzable:<\/strong> Ideal per donar una nova vida a objectes antics o reciclats.<\/li>\n\n\n\n<li><strong>\u00danic:<\/strong> Cada pe\u00e7a \u00e9s diferent i feta a m\u00e0.<\/li>\n<\/ul>\n\n\n\n<h3 class=\"wp-block-heading\" id=\"h-per-a-que-s-utilitza\">Per a qu\u00e8 s\u2019utilitza?<\/h3>\n\n\n\n<p>El foto transfer \u00e9s perfecte per a projectes de:<\/p>\n\n\n\n<ul class=\"wp-block-list\">\n<li><strong>Decoraci\u00f3 d\u2019interiors:<\/strong> quadres, capses, mobles, portaveles, safates, etc.<\/li>\n\n\n\n<li><strong>Regals personalitzats:<\/strong> \u00e0lbums, portar\u00e8tols, llaveros, bosses de tela.<\/li>\n\n\n\n<li><strong>Packaging artesanal:<\/strong> etiquetes, embolcalls i <em>branding<\/em> sobre capses o bosses.<\/li>\n\n\n\n<li><strong>Moda DIY:<\/strong> samarretes, bosses, estoigs de tela.<\/li>\n<\/ul>\n\n\n\n<h2 class=\"wp-block-heading\" id=\"h-materials-necessaris-per-fer-foto-transfer\">Materials necessaris per fer foto transfer<\/h2>\n\n\n\n<p>Abans de llan\u00e7ar-te al proc\u00e9s creatiu, \u00e9s fonamental tenir els materials adequats. La bona not\u00edcia \u00e9s que la majoria dels elements que necessites per fer un <strong>foto transfer casol\u00e0<\/strong> s\u00f3n accessibles i f\u00e0cils de conseguir. Aqu\u00ed tens una llista clara i completa, separada entre l\u2019essencial i l\u2019opcional, depenent de l\u2019acabat que cerquis.<\/p>\n\n\n\n<h3 class=\"wp-block-heading\" id=\"h-materials-basics\">Materials b\u00e0sics<\/h3>\n\n\n\n<p>Aquests s\u00f3n els materials imprescindibles per realitzar un foto transfer de forma correcta. Si tens aix\u00f2, ja pots comen\u00e7ar a crear:<\/p>\n\n\n\n<ul class=\"wp-block-list\">\n<li><strong>Imatge impresa amb impressora l\u00e0ser<\/strong><br>\u00c9s clau que sigui impressi\u00f3 l\u00e0ser, no d\u2019injecci\u00f3 de tinta. La tinta l\u00e0ser es transfereix molt millor en assecar-se amb el mitj\u00e0. Si la teva imatge t\u00e9 text, imprimeix-la <strong>en mode mirall<\/strong> perqu\u00e8 es llegeixi correctament en transferir-la.<\/li>\n\n\n\n<li><strong>Gel medium o medium acr\u00edlic<\/strong><br>\u00c9s el producte estrella d\u2019aquesta t\u00e8cnica. Es tracta d\u2019un gel transl\u00facid que actua com a adhesiu i mitj\u00e0 de transfer\u00e8ncia. Pots trobar-lo en botigues d\u2019art o manualitats. Algunes marques populars s\u00f3n <strong>Liquitex<\/strong>, <strong>Amsterdam<\/strong>, <strong>Mod Podge<\/strong> o <strong>Vallejo<\/strong>.<\/li>\n\n\n\n<li><strong>Superf\u00edcie receptora<\/strong><br>Tria una superf\u00edcie ferma i porosa com:\n<ul class=\"wp-block-list\">\n<li>Fusta (lixa pr\u00e8viament per suavitzar)<\/li>\n\n\n\n<li>Cartr\u00f3 gruixut<\/li>\n\n\n\n<li>Tela de cot\u00f3<\/li>\n\n\n\n<li>Llen\u00e7<\/li>\n\n\n\n<li>Cuir<\/li>\n\n\n\n<li>Pedra o cer\u00e0mica sense esmalt<br>Evita superf\u00edcies amb molt de brillant, vern\u00eds o greix.<\/li>\n<\/ul>\n<\/li>\n\n\n\n<li><strong>Pinzell o brotxa plana<\/strong><br>Per aplicar de manera uniforme el <em>gel medium<\/em> sobre la imatge o sobre la superf\u00edcie.<\/li>\n\n\n\n<li><strong>Esponja o drap humit<\/strong><br>Un cop sec el gel, s\u2019utilitza per humitejar el paper i treure\u2019l amb cura sense malmetre la tinta.<\/li>\n\n\n\n<li><strong>Tisores o c\u00fater<\/strong><br>Per retallar la imatge a la mida desitjada abans de transferir-la.<\/li>\n\n\n\n<li><strong>Regle o targeta de pl\u00e0stic (tipus targeta de cr\u00e8dit)<\/strong><br>Serveix per pressionar la imatge i eliminar bombolles d\u2019aire en col\u00b7locar-la sobre la superf\u00edcie.<\/li>\n\n\n\n<li><strong>Aigua neta<\/strong><br>S\u2019utilitza per humitejar el paper i facilitar-ne la retirada.<\/li>\n<\/ul>\n\n\n\n<h3 class=\"wp-block-heading\" id=\"h-opcionals-per-a-acabats-professionals\">Opcionals per a acabats professionals<\/h3>\n\n\n\n<p>Si vols donar-li un <strong>toc m\u00e9s polit, durable o est\u00e8tic<\/strong> al teu projecte, pots considerar alguns d\u2019aquests materials addicionals:<\/p>\n\n\n\n<ul class=\"wp-block-list\">\n<li><strong>Vern\u00eds acr\u00edlic transparent<\/strong><br>Protegeix el teu disseny de la pols, la humitat o el desgast. Pots triar entre acabats brillant, mat o satinat, segons la teva prefer\u00e8ncia. Alguns vernissos en <em>spray<\/em> tamb\u00e9 funcionen molt b\u00e9.<\/li>\n\n\n\n<li><strong>Lija fina (tipus 400 o 600)<\/strong><br>Per suavitzar la superf\u00edcie abans de transferir i, en alguns casos, polir les restes de paper un cop sec. Ideal en superf\u00edcies de fusta.<\/li>\n\n\n\n<li><strong>Cinta de carrosser<\/strong><br>\u00datil per emmascarar zones i evitar que el <em>gel medium<\/em> s\u2019estengui m\u00e9s enll\u00e0 del disseny.<\/li>\n\n\n\n<li><strong>Rodet petit (<em>brayer<\/em>)<\/strong><br>Per aplicar una pressi\u00f3 uniforme durant el proc\u00e9s de transfer\u00e8ncia i evitar bombolles sense malmetre la imatge.<\/li>\n\n\n\n<li><strong>Paper de forn o paper vegetal<\/strong><br>Si vols protegir la imatge en aplicar vernissos o en planxar sobre tela.<\/li>\n\n\n\n<li><strong>Planxa o premsa de calor<\/strong> (en transfer\u00e8ncies t\u00e8xtils)<br>Alguns projectes en tela requereixen una mica de calor per fixar millor el disseny, encara que no sempre \u00e9s necessari.<\/li>\n\n\n\n<li><strong>Pintures acr\u00edliques o retoladors permanents<\/strong><br>Per personalitzar encara m\u00e9s el resultat, ressaltar detalls o afegir tocs art\u00edstics a m\u00e0.<\/li>\n<\/ul>\n\n\n\n<h3 class=\"wp-block-heading\" id=\"h-consell-extra\">Consell extra<\/h3>\n\n\n\n<p>Muntar el teu propi \u201ckit de foto transfer\u201d \u00e9s una gran idea si tens pensat fer diversos projectes. Guarda tots aquests materials en una capsa o cistella dedicada, i et ser\u00e0 molt m\u00e9s f\u00e0cil i r\u00e0pid llan\u00e7ar-te a crear quan et vingui la inspiraci\u00f3.<\/p>\n\n\n\n<h2 class=\"wp-block-heading\">Preparaci\u00f3 abans de comen\u00e7ar amb el foto transfer<\/h2>\n\n\n\n<p>Abans de deixar-te portar per l\u2019entusiasme de crear el teu primer projecte de <strong>foto transfer<\/strong>, \u00e9s important aturar-te un moment i preparar-ho tot de forma correcta. Aquesta fase pot semblar menys creativa, per\u00f2 en realitat \u00e9s <strong>la base de l\u2019\u00e8xit del resultat final<\/strong>. Si prepares b\u00e9 la imatge, el paper i la superf\u00edcie, t\u2019asseguro que el proc\u00e9s ser\u00e0 molt m\u00e9s senzill i l\u2019acabat m\u00e9s net i professional.<\/p>\n\n\n\n<h3 class=\"wp-block-heading\">Triar la imatge adequada<\/h3>\n\n\n\n<p>Aqu\u00ed \u00e9s on comen\u00e7a tot. La imatge que tri\u00efs no nom\u00e9s determinar\u00e0 l\u2019est\u00e8tica del projecte, sin\u00f3 tamb\u00e9 el seu nivell de dificultat.<\/p>\n\n\n\n<ul class=\"wp-block-list\">\n<li><strong>Qualitat de la imatge<\/strong>: Assegura\u2019t que tingui una bona resoluci\u00f3. Evita fotos borroses o pixel\u00b7lades, ja que cada detall es veur\u00e0 reflectit en la transfer\u00e8ncia. L\u2019ideal \u00e9s utilitzar imatges en alta definici\u00f3 (m\u00ednim 300 dpi).<\/li>\n\n\n\n<li><strong>Contrast i colors<\/strong>: Les imatges amb bon contrast (fons foscos sobre fons clars) es transfereixen millor. Els colors molt clars o detalls molt fins es poden perdre en el proc\u00e9s.<\/li>\n\n\n\n<li><strong>Mida adequada<\/strong>: Recorda que la mida final dependr\u00e0 de la superf\u00edcie on l\u2019aplicar\u00e0s. Pots utilitzar programes com Canva, Photoshop o fins i tot Word per ajustar les dimensions abans d\u2019imprimir.<\/li>\n\n\n\n<li><strong>Impressi\u00f3 en mirall (mode reflex)<\/strong>: Si la imatge inclou text, fletxes, rostres o elements amb orientaci\u00f3 clara, has d\u2019<strong>imprimir-la en mirall<\/strong>, ja que es transferir\u00e0 invertida.<\/li>\n\n\n\n<li><strong>Estil visual<\/strong>: Les imatges en blanc i negre donen un aire vintage molt atractiu. Tamb\u00e9 pots jugar amb filtres o edicions art\u00edstiques abans d\u2019imprimir.<\/li>\n<\/ul>\n\n\n\n<h3 class=\"wp-block-heading\" id=\"h-tipus-de-paper-recomanats-per-foto-transfer\">Tipus de paper recomanats per foto transfer<\/h3>\n\n\n\n<p>Encara que sembli un detall menor, <strong>el tipus de paper que utilitzis influir\u00e0 molt en el resultat del foto transfer<\/strong>. Aqu\u00ed tens el que has de saber:<\/p>\n\n\n\n<ul class=\"wp-block-list\">\n<li><strong>Paper d\u2019impressora l\u00e0ser (tipus bond)<\/strong>: Aquest \u00e9s el m\u00e9s utilitzat. \u00c9s econ\u00f2mic, f\u00e0cil de trobar i es desenganxa b\u00e9 en mullar-lo. S\u2019ha d\u2019utilitzar amb impressora l\u00e0ser, no d\u2019injecci\u00f3 de tinta.<\/li>\n\n\n\n<li><strong>Paper vegetal o paper de ceba (opcional)<\/strong>: En t\u00e8cniques avan\u00e7ades, algunes persones l\u2019utilitzen com a base temporal per aplicar imatges sobre superf\u00edcies irregulars, per\u00f2 no \u00e9s imprescindible.<\/li>\n\n\n\n<li><strong>Evita papers gruixuts o amb textura<\/strong>: No utilitzis cartolina, paper fotogr\u00e0fic o papers amb recobriments especials. Aquests no es desintegren b\u00e9 en fregar i poden espatllar el teu disseny.<\/li>\n<\/ul>\n\n\n\n<p><strong>Consell<\/strong>: Si el teu paper \u00e9s molt nou i tendeix a trencar-se, pots planxar-lo (sense vapor) entre dues fulles abans d\u2019imprimir per treure la humitat i facilitar la transfer\u00e8ncia.<\/p>\n\n\n\n<h3 class=\"wp-block-heading\">Preparaci\u00f3 de la superf\u00edcie<\/h3>\n\n\n\n<p>La superf\u00edcie on aplicar\u00e0s el foto transfer tamb\u00e9 necessita el seu moment d\u2019atenci\u00f3. Aqu\u00ed tens com preparar-la segons el tipus de material:<\/p>\n\n\n\n<h4 class=\"wp-block-heading\">Superf\u00edcies de fusta<\/h4>\n\n\n\n<ul class=\"wp-block-list\">\n<li>Lixa suaument per eliminar esquerdades o irregularitats.<\/li>\n\n\n\n<li>Assegura\u2019t que estigui neta, seca i lliure de pols o greix.<\/li>\n\n\n\n<li>Si la fusta \u00e9s molt fosca, pots aplicar una base d\u2019acr\u00edlic blanc perqu\u00e8 la imatge destaci m\u00e9s.<\/li>\n<\/ul>\n\n\n\n<h4 class=\"wp-block-heading\">Tela<\/h4>\n\n\n\n<ul class=\"wp-block-list\">\n<li>Rentar-la pr\u00e8viament sense suavitzant i planxar-la.<\/li>\n\n\n\n<li>Utilitza teixits de cot\u00f3 preferentment, sense elasticitat.<\/li>\n\n\n\n<li>Col\u00b7loca un cartr\u00f3 a dins si \u00e9s una samarreta o bossa, per evitar que el gel traspassi.<\/li>\n<\/ul>\n\n\n\n<h4 class=\"wp-block-heading\">Llen\u00e7 o cartr\u00f3<\/h4>\n\n\n\n<ul class=\"wp-block-list\">\n<li>No cal preparaci\u00f3 pr\u00e8via, per\u00f2 pots aplicar una capa molt fina de gesso blanc si vols un acabat m\u00e9s art\u00edstic.<\/li>\n<\/ul>\n\n\n\n<h4 class=\"wp-block-heading\">Vidre, cer\u00e0mica o pedra<\/h4>\n\n\n\n<ul class=\"wp-block-list\">\n<li>Neteja amb alcohol per eliminar greix o pols.<\/li>\n\n\n\n<li>No utilitzis superf\u00edcies esmaltades o brillants sense lixar, ja que el gel no s\u2019adhereix b\u00e9.<\/li>\n<\/ul>\n\n\n\n<h4 class=\"wp-block-heading\">Consell general:<\/h4>\n\n\n\n<p>Col\u00b7loca paper protector, diaris o un estovell vell sota la teva \u00e0rea de treball. El <em>gel medium<\/em> pot tacar, i aix\u00ed evites accidents.<\/p>\n\n\n\n<h2 class=\"wp-block-heading\">T\u00e8cniques populars de foto transfer<\/h2>\n\n\n\n<p>Hi ha diverses maneres de fer un <strong>foto transfer<\/strong>, i cada t\u00e8cnica t\u00e9 els seus propis avantatges, particularitats i resultats est\u00e8tics. Algunes s\u00f3n m\u00e9s f\u00e0cils per a principiants i d\u2019altres requereixen una mica m\u00e9s de pr\u00e0ctica, per\u00f2 totes comparteixen aquesta m\u00e0gia de transformar una imatge en una pe\u00e7a \u00fanica de decoraci\u00f3 o art. A continuaci\u00f3, t\u2019explico les tres t\u00e8cniques m\u00e9s populars pas a pas.<\/p>\n\n\n\n<h3 class=\"wp-block-heading\">Amb <em>gel medium<\/em><\/h3>\n\n\n\n<p>Aquesta \u00e9s la t\u00e8cnica m\u00e9s comuna i probablement la m\u00e9s segura per obtenir bons resultats, fins i tot si comences de zero.<\/p>\n\n\n\n<h4 class=\"wp-block-heading\">Qu\u00e8 necessites?<\/h4>\n\n\n\n<ul class=\"wp-block-list\">\n<li><em>Gel medium<\/em> (preferiblement mat o semimat)<\/li>\n\n\n\n<li>Imatge impresa amb impressora l\u00e0ser<\/li>\n\n\n\n<li>Pinzell o esp\u00e0tula<\/li>\n\n\n\n<li>Superf\u00edcie a transferir (fusta, llen\u00e7, tela gruixuda)<\/li>\n\n\n\n<li>Aigua i esponja o els teus dits per treure el paper<\/li>\n<\/ul>\n\n\n\n<h4 class=\"wp-block-heading\">Passos:<\/h4>\n\n\n\n<ol class=\"wp-block-list\">\n<li><strong>Aplica el <em>gel<\/em><\/strong>: Est\u00e9n una capa uniforme de <em>gel medium<\/em> sobre la superf\u00edcie <strong>i<\/strong> sobre la imatge impresa (cara de la tinta).<\/li>\n\n\n\n<li><strong>Enganxa la imatge<\/strong>: Col\u00b7loca la imatge amb la part impresa cap avall sobre la superf\u00edcie. Alisa-la amb una targeta de pl\u00e0stic o els teus dits per evitar bombolles d\u2019aire.<\/li>\n\n\n\n<li><strong>Assecat<\/strong>: Deixa assecar com a m\u00ednim 8 hores, o encara millor, tota la nit.<\/li>\n\n\n\n<li><strong>Treu el paper<\/strong>: Humiteja la part posterior del paper amb una esponja o drap, espera uns segons i comen\u00e7a a fregar suaument amb els dits fins que el paper es desintegri i nom\u00e9s quedi la imatge.<\/li>\n\n\n\n<li><strong>Segellat (opcional)<\/strong>: Pots aplicar una capa de vern\u00eds transparent, laca o m\u00e9s <em>gel medium<\/em> per protegir la imatge.<\/li>\n<\/ol>\n\n\n\n<p>\ud83d\udca1 <em>Consell<\/em>: La paci\u00e8ncia \u00e9s clau. Treu el paper poc a poc i deixa assecar entre fregades per no aixecar la tinta per accident.<\/p>\n\n\n\n<h3 class=\"wp-block-heading\">Amb acetona<\/h3>\n\n\n\n<p>Aquesta t\u00e8cnica \u00e9s molt r\u00e0pida i no necessita <em>gel medium<\/em>, per\u00f2 \u00e9s m\u00e9s delicada i no funciona en totes les superf\u00edcies. Es recomana per a imatges <strong>en blanc i negre<\/strong> o amb bon contrast, i per a superf\u00edcies com paper, cartr\u00f3 o fusta clara.<\/p>\n\n\n\n<h4 class=\"wp-block-heading\">Qu\u00e8 necessites?<\/h4>\n\n\n\n<ul class=\"wp-block-list\">\n<li>Imatge impresa amb l\u00e0ser (no serveix d\u2019injecci\u00f3 de tinta)<\/li>\n\n\n\n<li>Cinta adhesiva o pinces per subjectar<\/li>\n\n\n\n<li>Cot\u00f3 o bastonet<\/li>\n\n\n\n<li>Acetona pura (no llevador d\u2019ungles amb perfum)<\/li>\n\n\n\n<li>Cullera o utensili per pressionar<\/li>\n<\/ul>\n\n\n\n<h4 class=\"wp-block-heading\">Passos:<\/h4>\n\n\n\n<ol class=\"wp-block-list\">\n<li><strong>Col\u00b7loca la imatge<\/strong>: Situa la impressi\u00f3 cap avall sobre la superf\u00edcie. Fixa-la amb cinta si cal.<\/li>\n\n\n\n<li><strong>Humiteja amb acetona<\/strong>: Passa un cot\u00f3 amb acetona per la part posterior del paper fins que quedi completament mullat (sense enxarcar en exc\u00e9s).<\/li>\n\n\n\n<li><strong>Pressiona<\/strong>: Amb el dors d\u2019una cullera, frega en\u00e8rgicament sobre tota la imatge perqu\u00e8 la tinta es transfereixi.<\/li>\n\n\n\n<li><strong>Aixeca el paper<\/strong>: Treu amb cura. La imatge quedar\u00e0 reflectida en la superf\u00edcie.<\/li>\n<\/ol>\n\n\n\n<p>\u26a0\ufe0f <em>Important<\/em>: Aquesta t\u00e8cnica despr\u00e8n vapors, aix\u00ed que fes-la en un lloc ventilat i utilitza guants si tens la pell sensible.<\/p>\n\n\n\n<h3 class=\"wp-block-heading\">Amb paper de congelador (<em>freezer paper<\/em>)<\/h3>\n\n\n\n<p>Aquesta t\u00e8cnica \u00e9s una mica menys coneguda, per\u00f2 ideal per fer transfer\u00e8ncies r\u00e0pides sobre <strong>fusta clara o tela de cot\u00f3<\/strong>, especialment si tens impressora d\u2019injecci\u00f3 de tinta. \u00c9s molt utilitzada en DIY americans.<\/p>\n\n\n\n<h4 class=\"wp-block-heading\">Qu\u00e8 necessites?<\/h4>\n\n\n\n<ul class=\"wp-block-list\">\n<li>Paper de congelador (amb una cara brillant i una altra opaca)<\/li>\n\n\n\n<li>Imatge impresa amb injecci\u00f3 de tinta (impresa sobre la part brillant)<\/li>\n\n\n\n<li>Rodet o esp\u00e0tula<\/li>\n\n\n\n<li>Superf\u00edcie llisa i seca<\/li>\n<\/ul>\n\n\n\n<h4 class=\"wp-block-heading\">Passos:<\/h4>\n\n\n\n<ol class=\"wp-block-list\">\n<li><strong>Retalla el paper<\/strong>: Retalla el paper de congelador a la mida d\u2019una fulla A4.<\/li>\n\n\n\n<li><strong>Imprimeix la imatge<\/strong>: Utilitza la impressora d\u2019injecci\u00f3 de tinta per imprimir sobre la cara brillant del paper. V\u00e9s amb compte en treure-la perqu\u00e8 la tinta no s\u2019absorbeix i es pot espatllar f\u00e0cilment.<\/li>\n\n\n\n<li><strong>Transfereix immediatament<\/strong>: Col\u00b7loca el paper cap avall sobre la superf\u00edcie i pressiona fort amb una esp\u00e0tula, rodet o fins i tot una targeta de cr\u00e8dit.<\/li>\n\n\n\n<li><strong>Aixeca amb cura<\/strong>: Fes-ho d\u2019una sola vegada, sense moure el paper per evitar ombres dobles.<\/li>\n<\/ol>\n\n\n\n<p>\ud83d\udca1 <em>Truc professional<\/em>: Si no tens paper de congelador, pots utilitzar paper vegetal enganxat amb cinta a una fulla normal per imprimir-hi a sobre.<\/p>\n\n\n\n<h2 class=\"wp-block-heading\">Pas a pas per fer foto transfer amb <em>gel medium<\/em><\/h2>\n\n\n\n<p>El <strong>foto transfer amb <em>gel medium<\/em><\/strong> \u00e9s la t\u00e8cnica m\u00e9s fiable per aconseguir un acabat professional i durable. Encara que requereix una mica de paci\u00e8ncia, els resultats s\u00f3n realment sorprenents. A continuaci\u00f3, t&#8217;explico cada pas amb tot detall perqu\u00e8 no se&#8217;t escapin detalls.<\/p>\n\n\n\n<h3 class=\"wp-block-heading\">Pas 1: Imprimir correctament la imatge<\/h3>\n\n\n\n<p>Abans d&#8217;aplicar cap producte, \u00e9s fonamental que la imatge estigui ben preparada. Aqu\u00ed comen\u00e7a l&#8217;\u00e8xit del transfer.<\/p>\n\n\n\n<ul class=\"wp-block-list\">\n<li><strong>Utilitza impressora l\u00e0ser<\/strong>: Les impressores d&#8217;injecci\u00f3 de tinta no serveixen per aquesta t\u00e8cnica, ja que la tinta es dilueix amb el <em>gel<\/em>.<\/li>\n\n\n\n<li><strong>Impressi\u00f3 en mirall<\/strong>: Si la teva imatge t\u00e9 text o elements amb orientaci\u00f3, has de <strong>girar-la horitzontalment<\/strong> abans d&#8217;imprimir-la. Aix\u00f2 evitar\u00e0 que es vegi al rev\u00e9s un cop transferida.<\/li>\n\n\n\n<li><strong>Paper fi i opac<\/strong>: Utilitza paper normal de 75-80 g\/m\u00b2. Com m\u00e9s prim, m\u00e9s f\u00e0cil ser\u00e0 eliminar-lo despr\u00e9s.<\/li>\n\n\n\n<li><strong>Evita el paper satinat o brillant<\/strong>, ja que complica el proc\u00e9s d&#8217;adher\u00e8ncia del <em>gel<\/em> i pot deixar residus.<\/li>\n<\/ul>\n\n\n\n<p>\ud83d\udca1 <em>Consell pr\u00e0ctic<\/em>: Imprimeix un parell de c\u00f2pies per si necessites repetir el proc\u00e9s o fer proves.<\/p>\n\n\n\n<h3 class=\"wp-block-heading\">Pas 2: Aplicar el <em>gel medium<\/em><\/h3>\n\n\n\n<p>Amb la teva imatge ja impresa i a punt, passem al cor del proc\u00e9s: l&#8217;aplicaci\u00f3 del <em>gel<\/em>.<\/p>\n\n\n\n<ul class=\"wp-block-list\">\n<li><strong>Utilitza un pinzell pla o esp\u00e0tula<\/strong>: Cobreix tota la superf\u00edcie on col\u00b7locar\u00e0s la imatge amb una <strong>capa uniforme i generosa de <em>gel medium<\/em><\/strong>.<\/li>\n\n\n\n<li><strong>Tamb\u00e9 pots aplicar <em>gel<\/em> sobre la imatge<\/strong> (a la part impresa), encara que alguns prefereixen fer-ho nom\u00e9s sobre la base. L&#8217;important \u00e9s que no quedin zones sense producte.<\/li>\n<\/ul>\n\n\n\n<p>No posis massa, per\u00f2 assegura&#8217;t que no hi hagi zones seques. Una capa mitjana \u00e9s l&#8217;ideal: ni tan fina que no adherisca, ni tan gruixuda que cre\u00ef bombolles.<\/p>\n\n\n\n<h3 class=\"wp-block-heading\">Pas 3: Posicionar i alisar la imatge<\/h3>\n\n\n\n<p>Ara que tens la superf\u00edcie coberta amb <em>gel<\/em>, arriba el moment de col\u00b7locar la imatge. Aqu\u00ed cal treballar amb cura i precisi\u00f3.<\/p>\n\n\n\n<ul class=\"wp-block-list\">\n<li><strong>Col\u00b7loca la imatge amb la tinta cap avall<\/strong>, tocant el <em>gel<\/em> directament.<\/li>\n\n\n\n<li>Un cop posicionada, <strong>alisla des del centre cap als cantons<\/strong> amb una esp\u00e0tula, targeta de cr\u00e8dit o els teus dits.<\/li>\n\n\n\n<li>Assegura&#8217;t que no hi hagi bombolles d&#8217;aire ni plecs. Aquests detalls poden fer que parts de la imatge no es transferisquen correctament.<\/li>\n<\/ul>\n\n\n\n<p>\ud83d\udca1 <em>Truc casol\u00e0<\/em>: Pots col\u00b7locar un pl\u00e0stic a sobre i passar un rodet de cuina per pressionar de manera m\u00e9s uniforme.<\/p>\n\n\n\n<h3 class=\"wp-block-heading\">Pas 4: Assecat<\/h3>\n\n\n\n<p>Aquest pas \u00e9s crucial. No intentis accelerar el proc\u00e9s amb calor, ja que aix\u00f2 pot afectar la transfer\u00e8ncia.<\/p>\n\n\n\n<ul class=\"wp-block-list\">\n<li><strong>Deixa assecar com a m\u00ednim 8 hores<\/strong>, encara que l&#8217;ideal \u00e9s deixar-ho reposar <strong>tota la nit<\/strong>.<\/li>\n\n\n\n<li>Col\u00b7loca la pe\u00e7a en un lloc sec i sense pols. Si pots, posa-li pes a sobre (com llibres amb paper encerat entremig) per mantenir la pressi\u00f3 i evitar que es desenganxi.<\/li>\n<\/ul>\n\n\n\n<p>La clau aqu\u00ed \u00e9s la paci\u00e8ncia. L&#8217;assecat lent permet que la tinta s&#8217;adhereixi b\u00e9 a la superf\u00edcie.<\/p>\n\n\n\n<h3 class=\"wp-block-heading\">Pas 5: Treure el paper<\/h3>\n\n\n\n<p>Aqu\u00ed \u00e9s on passa la m\u00e0gia, per\u00f2 tamb\u00e9 el moment m\u00e9s delicat. Fes-ho amb calma.<\/p>\n\n\n\n<ul class=\"wp-block-list\">\n<li><strong>Humiteja el paper amb aigua<\/strong> (pots utilitzar una esponja humida o un <em>spray<\/em>).<\/li>\n\n\n\n<li>Espera uns segons a que l&#8217;aigua penetri el paper i comence a enfeblir-se.<\/li>\n\n\n\n<li><strong>Comen\u00e7a a fregar suaument amb els dits o un drap tou<\/strong>, sense pr\u00e9mer massa.<\/li>\n\n\n\n<li>Veur\u00e0s com el paper es va desenganxant i la imatge queda revelada a sota.<\/li>\n\n\n\n<li><strong>Repeteix el proc\u00e9s varies vegades si cal<\/strong>. \u00c9s millor fer-ho per capes i deixar assecar entre sessions per evitar aixecar la tinta.<\/li>\n<\/ul>\n\n\n\n<p>\u26a0\ufe0f <em>Atenci\u00f3<\/em>: No et desesperis si la imatge sembla apagada al principi. A mesura que s&#8217;asque, anir\u00e0 apareixent amb m\u00e9s nitidesa.<\/p>\n\n\n\n<h3 class=\"wp-block-heading\">Pas 6: Segellar i protegir el disseny<\/h3>\n\n\n\n<p>Un cop tota la imatge estiga neta i seca, arriba el pas final: <strong>protegir la teva feina<\/strong> perqu\u00e8 duri.<\/p>\n\n\n\n<ul class=\"wp-block-list\">\n<li><strong>Aplica una capa de <em>gel medium<\/em> net<\/strong>, vern\u00eds acr\u00edlic, laca en <em>spray<\/em> o <em>Mod Podge<\/em>. Aix\u00f2 ajudar\u00e0 a protegir la imatge de la pols, la humitat i el desgast.<\/li>\n\n\n\n<li>Si utilitzes laca en <em>spray<\/em>, fes-ho en un lloc ventilat i a una dist\u00e0ncia de 20-30 cm per evitar que es corri la tinta.<\/li>\n\n\n\n<li>Pots aplicar dues capes per a un acabat m\u00e9s resistent, deixant assecar b\u00e9 entre capa i capa.<\/li>\n<\/ul>\n\n\n\n<p>\ud83d\udca1 <em>Extra<\/em>: Si vols un acabat envellit o <em>vintage<\/em>, pots lixar lleugerament els cantons o aplicar una p\u00e0tina abans de segellar.<\/p>\n\n\n\n<h2 class=\"wp-block-heading\">Consells \u00fatils per a un acabat perfecte de foto transfer<\/h2>\n\n\n\n<p>Encara que el proc\u00e9s de foto transfer pot semblar senzill, hi ha certs detalls que marquen la difer\u00e8ncia entre un acabat casol\u00e0 i un realment professional. Aqu\u00ed et comparteixo els millors consells per evitar errors i conservar la teva creaci\u00f3 intacta durant molt de temps.<\/p>\n\n\n\n<h3 class=\"wp-block-heading\">Errors comuns i com evitar-los<\/h3>\n\n\n\n<p>Tots hem com\u00e9s algun d&#8217;aquests errors en fer les nostres primeres transfer\u00e8ncies. No et preocupes! Aqu\u00ed t&#8217;explico com evitar-los perqu\u00e8 el teu disseny quede impecable des del primer intent.<\/p>\n\n\n\n<h4 class=\"wp-block-heading\">Aplicar poc o massa <em>gel medium<\/em><\/h4>\n\n\n\n<p>Un dels errors m\u00e9s comuns \u00e9s <strong>no aplicar prou <em>gel<\/em><\/strong>, cosa que fa que parts de la imatge no s&#8217;adhereixin. D&#8217;altra banda, aplicar en exc\u00e9s genera una capa gruixuda que pot fer bombolles o tardar massa en assecar.<\/p>\n\n\n\n<p><strong>Soluci\u00f3<\/strong>: Aplica una capa mitjana i uniforme, com si estiguessis &#8220;untant mantega en una torrada&#8221;.<\/p>\n\n\n\n<h4 class=\"wp-block-heading\">No utilitzar impressi\u00f3 l\u00e0ser<\/h4>\n\n\n\n<p>Molta gent intenta utilitzar imatges impreses amb injecci\u00f3 de tinta, i el resultat sol ser desastr\u00f3s: la tinta es corre o simplement no es transfereix.<\/p>\n\n\n\n<p><strong>Soluci\u00f3<\/strong>: Assegura&#8217;t sempre d&#8217;utilitzar <strong>impressora l\u00e0ser<\/strong>. Si no en tens una a casa, pots imprimir la teva imatge en una copisteria.<\/p>\n\n\n\n<h4 class=\"wp-block-heading\">No imprimir en mirall<\/h4>\n\n\n\n<p>Quan la imatge t\u00e9 text o algun element amb direcci\u00f3 (com una fletxa), <strong>oblidar girar-la horitzontalment<\/strong> fa que tot es vegi al rev\u00e9s un cop transferit.<\/p>\n\n\n\n<p><strong>Soluci\u00f3<\/strong>: Abans d&#8217;imprimir, <strong>activa l&#8217;opci\u00f3 &#8220;girar horitzontalment&#8221;<\/strong> o &#8220;efecte mirall&#8221; en el programa que utilitzes.<\/p>\n\n\n\n<h4 class=\"wp-block-heading\">Treure el paper amb massa for\u00e7a<\/h4>\n\n\n\n<p>Quan est\u00e0s fregant per eliminar el paper, a vegades t&#8217;emociones i\u2026 \u00a1zas! Se&#8217;n va tamb\u00e9 part de la tinta.<\/p>\n\n\n\n<p><strong>Soluci\u00f3<\/strong>: Humiteja b\u00e9, espera uns segons i frega <strong>molt suaument<\/strong>. Si notes que s&#8217;aixeca color, atura&#8217;t i deixa assecar abans de continuar.<\/p>\n\n\n\n<h4 class=\"wp-block-heading\">No deixar assecar el temps suficient<\/h4>\n\n\n\n<p>La impaci\u00e8ncia \u00e9s enemiga del bon resultat. Si no deixes assecar b\u00e9 abans de treure el paper, la tinta no haur\u00e0 tingut temps d&#8217;adherir-se.<\/p>\n\n\n\n<p><strong>Soluci\u00f3<\/strong>: <strong>Espera m\u00ednim 8 hores<\/strong>. L&#8217;ideal: deixa la pe\u00e7a assecar tota la nit.<\/p>\n\n\n\n<h3 class=\"wp-block-heading\">Com conservar la teva transfer\u00e8ncia<\/h3>\n\n\n\n<p>Despr\u00e9s de tot el treball que has fet, l&#8217;\u00faltim que vols \u00e9s que la teva creaci\u00f3 es deteriore amb el temps. Aqu\u00ed tens alguns consells per <strong>preservar la teva transfer\u00e8ncia<\/strong> com si fos una obra d&#8217;art (perqu\u00e8 ho \u00e9s).<\/p>\n\n\n\n<h4 class=\"wp-block-heading\">Segellat adequat<\/h4>\n\n\n\n<p>Sempre segella la teva transfer\u00e8ncia amb algun tipus de protecci\u00f3. Les opcions m\u00e9s utilitzades s\u00f3n:<\/p>\n\n\n\n<ul class=\"wp-block-list\">\n<li><strong><em>Gel medium<\/em> transparent (acabat mat o brillant)<\/strong><\/li>\n\n\n\n<li><strong><em>Mod Podge<\/em><\/strong><\/li>\n\n\n\n<li><strong>Vern\u00eds acr\u00edlic en <em>spray<\/em><\/strong><\/li>\n\n\n\n<li><strong>Laca segelladora<\/strong><\/li>\n<\/ul>\n\n\n\n<p>Aix\u00f2 protegeix la imatge de la pols, humitat, ratllades i el desgast natural de l&#8217;\u00fas.<\/p>\n\n\n\n<h4 class=\"wp-block-heading\">Neteja i cures<\/h4>\n\n\n\n<p>Si la teva transfer\u00e8ncia est\u00e0 en una superf\u00edcie funcional (com una safata, un moble o una capsa), \u00e9s probable que amb el temps acumule pols o es tacar.<\/p>\n\n\n\n<ul class=\"wp-block-list\">\n<li><strong>Netega-la amb un drap sec o lleugerament humit<\/strong>.<\/li>\n\n\n\n<li><strong>Evita l&#8217;\u00fas de productes abrasius<\/strong> o esponjes dures.<\/li>\n\n\n\n<li>Si la transfer\u00e8ncia est\u00e0 en contacte amb calor o aigua (com una tassa decorativa), assegura&#8217;t d&#8217;utilitzar un segellador resistent a l&#8217;aigua o fins i tot un vern\u00eds cer\u00e0mic.<\/li>\n<\/ul>\n\n\n\n<h4 class=\"wp-block-heading\">Evita l&#8217;exposici\u00f3 directa al sol<\/h4>\n\n\n\n<p>La llum solar directa pot fer que els colors es desvaneixin amb el temps.<\/p>\n\n\n\n<ul class=\"wp-block-list\">\n<li>Si la transfer\u00e8ncia \u00e9s decorativa, col\u00b7loca-la <strong>en un lloc amb llum indirecta<\/strong>.<\/li>\n\n\n\n<li>Tamb\u00e9 pots utilitzar <strong>vern\u00eds amb protecci\u00f3 UV<\/strong> per mantenir els colors vius durant m\u00e9s temps.<\/li>\n<\/ul>\n\n\n\n<h4 class=\"wp-block-heading\">Emmagatzematge (si no la vas a utilitzar encara)<\/h4>\n\n\n\n<p>Si has fet la transfer\u00e8ncia sobre una l\u00e0mina, fusta o llen\u00e7 que encara no vas a exhibir:<\/p>\n\n\n\n<ul class=\"wp-block-list\">\n<li><strong>Guarda-la en una capsa o carpeta<\/strong> protegida de la pols.<\/li>\n\n\n\n<li>Evita posar-li pes a sobre i mant\u00e9n-la <strong>en un lloc sec<\/strong> per evitar deformacions.<\/li>\n<\/ul>\n\n\n\n<h2 class=\"wp-block-heading\">Idees creatives per aplicar el foto transfer<\/h2>\n\n\n\n<p>El foto transfer no \u00e9s nom\u00e9s una t\u00e8cnica bonica, \u00e9s una porta oberta a un m\u00f3n de creativitat. Vols transformar objectes comuns en peces \u00faniques? Llavors prepara&#8217;t, perqu\u00e8 aqu\u00ed et comparteixo idees genials per aplicar aquesta t\u00e8cnica en diferents suports. El m\u00e9s dif\u00edcil ser\u00e0 triar-ne nom\u00e9s una!<\/p>\n\n\n\n<h3 class=\"wp-block-heading\">Decoraci\u00f3 de mobles<\/h3>\n\n\n\n<p>Tens un moble vell que necessita un canvi? No el llencis! D\u00f3na-li una segona vida amb un disseny que el faci destacar.<\/p>\n\n\n\n<h4 class=\"wp-block-heading\">Tauletes, c\u00f2modes o cadires<\/h4>\n\n\n\n<p>Pots transferir imatges vintage, flors, patrons geom\u00e8trics o fins i tot fotografies antigues sobre la superf\u00edcie de fusta. Imagina una <strong>tauleta de nit amb una il\u00b7lustraci\u00f3 bot\u00e0nica<\/strong> al calaix. Es converteix en el centre de totes les mirades!<\/p>\n\n\n\n<h4 class=\"wp-block-heading\">Com aplicar-ho<\/h4>\n\n\n\n<ol class=\"wp-block-list\">\n<li>Lixa b\u00e9 la superf\u00edcie del moble perqu\u00e8 quedi llisa i sense vern\u00eds.<\/li>\n\n\n\n<li>Aplica la imatge amb gel medium com ja vas aprendre.<\/li>\n\n\n\n<li>En acabar, segella amb vern\u00eds resistent, sobretot si el moble tindr\u00e0 un \u00fas freq\u00fcent.<\/li>\n<\/ol>\n\n\n\n<h3 class=\"wp-block-heading\">Regals personalitzats<\/h3>\n\n\n\n<p>Els regals fets a m\u00e0 sempre tenen un valor emocional extra. Amb el foto transfer pots crear detalls \u00fanics, carregats d&#8217;hist\u00f2ria, que encantaran a qui els rebi.<\/p>\n\n\n\n<h4 class=\"wp-block-heading\">Algunes idees per regalar:<\/h4>\n\n\n\n<ul class=\"wp-block-list\">\n<li><strong>Portaretrats amb una foto especial<\/strong> transferida directament sobre fusta.<\/li>\n\n\n\n<li><strong>Caixes decoratives<\/strong> amb noms, frases o imatges significatives.<\/li>\n\n\n\n<li><strong>Tasses o plats decoratius<\/strong> amb un disseny divertit (nom\u00e9s per a decoraci\u00f3, no per a \u00fas alimentari).<\/li>\n\n\n\n<li><strong>Clauers de fusta<\/strong> amb un petit missatge o imatge.<\/li>\n<\/ul>\n\n\n\n<h4 class=\"wp-block-heading\">\ud83d\udca1 Consell extra<\/h4>\n\n\n\n<p>Pots combinar el transfer amb pintura acr\u00edlica, tela, corda o fins i tot flors seques. Aix\u00ed, el teu regal ser\u00e0 encara m\u00e9s original i amb un estil molt \u201cfet amb amor\u201d.<\/p>\n\n\n\n<h3 class=\"wp-block-heading\">Art en fusta, tela o vidre<\/h3>\n\n\n\n<p>Si t&#8217;agrada l&#8217;art i el disseny, el foto transfer es convertir\u00e0 en una eina imprescindible en els teus projectes. Pots experimentar amb diferents materials i estils per crear composicions impactants.<\/p>\n\n\n\n<h4 class=\"wp-block-heading\">Transfer sobre fusta<\/h4>\n\n\n\n<p>Ideal per a quadres, senyalitzaci\u00f3 decorativa o adorns penjants. Utilitza imatges en blanc i negre per a un toc r\u00fastic o s\u00e8pia per a quelcom m\u00e9s nost\u00e0lgic.<\/p>\n\n\n\n<h4 class=\"wp-block-heading\">Transfer sobre tela<\/h4>\n\n\n\n<p>Sabies que pots transferir imatges sobre tela de cot\u00f3? Imagina una <strong>bossa de tela personalitzada<\/strong>, <strong>coixins \u00fanics<\/strong> o fins i tot <strong>samarretes amb il\u00b7lustracions fetes per tu<\/strong>.<\/p>\n\n\n\n<blockquote class=\"wp-block-quote is-layout-flow wp-block-quote-is-layout-flow\">\n<p>Consell: Per a tela, utilitza gel medium t\u00e8xtil o productes especials, i planxa despr\u00e9s per fixar millor el disseny.<\/p>\n<\/blockquote>\n\n\n\n<h4 class=\"wp-block-heading\">Transfer sobre vidre<\/h4>\n\n\n\n<p>Vols quelcom elegant i minimalista? El vidre \u00e9s perfecte. Pots transferir una imatge sobre una <strong>ampolla, pot o portacandela<\/strong>, i crear decoracions delicades per a noces, aniversaris o per al teu rac\u00f3 favorit de la casa.<\/p>\n\n\n\n<blockquote class=\"wp-block-quote is-layout-flow wp-block-quote-is-layout-flow\">\n<p>\u2728 Truc: Utilitza imatges amb l\u00ednies definides o text en negatiu perqu\u00e8 la transpar\u00e8ncia del vidre li doni un efecte \u00fanic.<\/p>\n<\/blockquote>\n\n\n\n<p>El foto transfer \u00e9s tan vers\u00e0til com la teva imaginaci\u00f3. Des de peces decoratives fins a regals memorables, l&#8217;important \u00e9s deixar que la teva creativitat flueixi i gaudir del proc\u00e9s. Ja est\u00e0s visualitzant el teu proper projecte?<\/p>\n","protected":false},"excerpt":{"rendered":"<p>T&#8217;agradaria transferir les teves fotos a diferents superf\u00edcies de manera f\u00e0cil i r\u00e0pida? En aquest article us mostrem com fer-ho pas a pas, amb materials simples i sense complicacions. Ideal per donar un toc \u00fanic als teus projectes creatius.<\/p>\n","protected":false},"author":1,"featured_media":3035,"comment_status":"open","ping_status":"open","sticky":false,"template":"","format":"standard","meta":{"_acf_changed":false,"_et_pb_use_builder":"off","_et_pb_old_content":"","_et_gb_content_width":"","_daim_seo_power":"1000","_daim_enable_ail":"1","footnotes":""},"categories":[34,33],"tags":[],"class_list":["post-3052","post","type-post","status-publish","format-standard","has-post-thumbnail","hentry","category-inspiracio-i-estil","category-artesania-blog"],"acf":[],"yoast_head":"<!-- This site is optimized with the Yoast SEO Premium plugin v27.2 (Yoast SEO v27.4) - https:\/\/yoast.com\/product\/yoast-seo-premium-wordpress\/ -->\n<title>Com fer un foto transfer a casa pas a pas - Mel i Llimona &amp; iCanyella: Artesan\u00eda, Gastronom\u00eda y Comunidad en Badalona<\/title>\n<meta name=\"description\" content=\"Descobreix com fer una foto transfer a casa amb materials simples i sense complicacions. Ideal per als teus projectes creatius.\" \/>\n<meta name=\"robots\" content=\"index, follow, max-snippet:-1, max-image-preview:large, max-video-preview:-1\" \/>\n<link rel=\"canonical\" href=\"https:\/\/melillimonartesania.com\/ca\/com-fer-un-foto-transfer-a-casa-pas-a-pas\/\" \/>\n<meta property=\"og:locale\" content=\"ca_ES\" \/>\n<meta property=\"og:type\" content=\"article\" \/>\n<meta property=\"og:title\" content=\"Com fer un foto transfer a casa pas a pas\" \/>\n<meta property=\"og:description\" content=\"Descobreix com fer una foto transfer a casa amb materials simples i sense complicacions. Ideal per als teus projectes creatius.\" \/>\n<meta property=\"og:url\" content=\"https:\/\/melillimonartesania.com\/ca\/com-fer-un-foto-transfer-a-casa-pas-a-pas\/\" \/>\n<meta property=\"og:site_name\" content=\"Mel i Llimona &amp; iCanyella: Artesan\u00eda, Gastronom\u00eda y Comunidad en Badalona\" \/>\n<meta property=\"article:published_time\" content=\"2025-05-10T07:17:15+00:00\" \/>\n<meta property=\"article:modified_time\" content=\"2025-05-10T08:34:20+00:00\" \/>\n<meta property=\"og:image\" content=\"https:\/\/melillimonartesania.com\/wp-content\/uploads\/2025\/05\/foto-trasnfer.jpg\" \/>\n\t<meta property=\"og:image:width\" content=\"1920\" \/>\n\t<meta property=\"og:image:height\" content=\"1080\" \/>\n\t<meta property=\"og:image:type\" content=\"image\/jpeg\" \/>\n<meta name=\"author\" content=\"Wilbor\" \/>\n<meta name=\"twitter:card\" content=\"summary_large_image\" \/>\n<meta name=\"twitter:label1\" content=\"Escrit per\" \/>\n\t<meta name=\"twitter:data1\" content=\"Wilbor\" \/>\n\t<meta name=\"twitter:label2\" content=\"Temps estimat de lectura\" \/>\n\t<meta name=\"twitter:data2\" content=\"22 minuts\" \/>\n<script type=\"application\/ld+json\" class=\"yoast-schema-graph\">{\"@context\":\"https:\\\/\\\/schema.org\",\"@graph\":[{\"@type\":\"Article\",\"@id\":\"https:\\\/\\\/melillimonartesania.com\\\/ca\\\/com-fer-un-foto-transfer-a-casa-pas-a-pas\\\/#article\",\"isPartOf\":{\"@id\":\"https:\\\/\\\/melillimonartesania.com\\\/ca\\\/com-fer-un-foto-transfer-a-casa-pas-a-pas\\\/\"},\"author\":{\"name\":\"Wilbor\",\"@id\":\"https:\\\/\\\/melillimonartesania.com\\\/ca\\\/#\\\/schema\\\/person\\\/adcfe7089d2b78f6b4c97e1715f3fb51\"},\"headline\":\"Com fer un foto transfer a casa pas a pas\",\"datePublished\":\"2025-05-10T07:17:15+00:00\",\"dateModified\":\"2025-05-10T08:34:20+00:00\",\"mainEntityOfPage\":{\"@id\":\"https:\\\/\\\/melillimonartesania.com\\\/ca\\\/com-fer-un-foto-transfer-a-casa-pas-a-pas\\\/\"},\"wordCount\":4214,\"commentCount\":0,\"publisher\":{\"@id\":\"https:\\\/\\\/melillimonartesania.com\\\/ca\\\/#organization\"},\"image\":{\"@id\":\"https:\\\/\\\/melillimonartesania.com\\\/ca\\\/com-fer-un-foto-transfer-a-casa-pas-a-pas\\\/#primaryimage\"},\"thumbnailUrl\":\"https:\\\/\\\/melillimonartesania.com\\\/wp-content\\\/uploads\\\/2025\\\/05\\\/foto-trasnfer.jpg\",\"articleSection\":[\"Inspiraci\u00f3 i estil\",\"Mel i Llimona Artesania\"],\"inLanguage\":\"ca\",\"potentialAction\":[{\"@type\":\"CommentAction\",\"name\":\"Comment\",\"target\":[\"https:\\\/\\\/melillimonartesania.com\\\/ca\\\/com-fer-un-foto-transfer-a-casa-pas-a-pas\\\/#respond\"]}]},{\"@type\":\"WebPage\",\"@id\":\"https:\\\/\\\/melillimonartesania.com\\\/ca\\\/com-fer-un-foto-transfer-a-casa-pas-a-pas\\\/\",\"url\":\"https:\\\/\\\/melillimonartesania.com\\\/ca\\\/com-fer-un-foto-transfer-a-casa-pas-a-pas\\\/\",\"name\":\"Com fer un foto transfer a casa pas a pas - Mel i Llimona &amp; iCanyella: Artesan\u00eda, Gastronom\u00eda y Comunidad en Badalona\",\"isPartOf\":{\"@id\":\"https:\\\/\\\/melillimonartesania.com\\\/ca\\\/#website\"},\"primaryImageOfPage\":{\"@id\":\"https:\\\/\\\/melillimonartesania.com\\\/ca\\\/com-fer-un-foto-transfer-a-casa-pas-a-pas\\\/#primaryimage\"},\"image\":{\"@id\":\"https:\\\/\\\/melillimonartesania.com\\\/ca\\\/com-fer-un-foto-transfer-a-casa-pas-a-pas\\\/#primaryimage\"},\"thumbnailUrl\":\"https:\\\/\\\/melillimonartesania.com\\\/wp-content\\\/uploads\\\/2025\\\/05\\\/foto-trasnfer.jpg\",\"datePublished\":\"2025-05-10T07:17:15+00:00\",\"dateModified\":\"2025-05-10T08:34:20+00:00\",\"description\":\"Descobreix com fer una foto transfer a casa amb materials simples i sense complicacions. Ideal per als teus projectes creatius.\",\"breadcrumb\":{\"@id\":\"https:\\\/\\\/melillimonartesania.com\\\/ca\\\/com-fer-un-foto-transfer-a-casa-pas-a-pas\\\/#breadcrumb\"},\"inLanguage\":\"ca\",\"potentialAction\":[{\"@type\":\"ReadAction\",\"target\":[\"https:\\\/\\\/melillimonartesania.com\\\/ca\\\/com-fer-un-foto-transfer-a-casa-pas-a-pas\\\/\"]}]},{\"@type\":\"ImageObject\",\"inLanguage\":\"ca\",\"@id\":\"https:\\\/\\\/melillimonartesania.com\\\/ca\\\/com-fer-un-foto-transfer-a-casa-pas-a-pas\\\/#primaryimage\",\"url\":\"https:\\\/\\\/melillimonartesania.com\\\/wp-content\\\/uploads\\\/2025\\\/05\\\/foto-trasnfer.jpg\",\"contentUrl\":\"https:\\\/\\\/melillimonartesania.com\\\/wp-content\\\/uploads\\\/2025\\\/05\\\/foto-trasnfer.jpg\",\"width\":1920,\"height\":1080,\"caption\":\"Como hacer foto transfer en casa\"},{\"@type\":\"BreadcrumbList\",\"@id\":\"https:\\\/\\\/melillimonartesania.com\\\/ca\\\/com-fer-un-foto-transfer-a-casa-pas-a-pas\\\/#breadcrumb\",\"itemListElement\":[{\"@type\":\"ListItem\",\"position\":1,\"name\":\"Portada\",\"item\":\"https:\\\/\\\/melillimonartesania.com\\\/ca\\\/mel-i-llimona-icanyella\\\/\"},{\"@type\":\"ListItem\",\"position\":2,\"name\":\"Com fer un foto transfer a casa pas a pas\"}]},{\"@type\":\"WebSite\",\"@id\":\"https:\\\/\\\/melillimonartesania.com\\\/ca\\\/#website\",\"url\":\"https:\\\/\\\/melillimonartesania.com\\\/ca\\\/\",\"name\":\"Mel i Llimona &amp; iCanyella: Artesan\u00eda, Gastronom\u00eda y Comunidad en Badalona\",\"description\":\"Mel i Llimona &amp; iCanyella, un espacio que conserva su esencia artesanal  y a\u00f1ade degustaci\u00f3n ecol\u00f3gica, mercado sostenible y un espacio para la comunidad en Badalona.\",\"publisher\":{\"@id\":\"https:\\\/\\\/melillimonartesania.com\\\/ca\\\/#organization\"},\"potentialAction\":[{\"@type\":\"SearchAction\",\"target\":{\"@type\":\"EntryPoint\",\"urlTemplate\":\"https:\\\/\\\/melillimonartesania.com\\\/ca\\\/?s={search_term_string}\"},\"query-input\":{\"@type\":\"PropertyValueSpecification\",\"valueRequired\":true,\"valueName\":\"search_term_string\"}}],\"inLanguage\":\"ca\"},{\"@type\":[\"Organization\",\"Place\",\"LocalBusiness\"],\"@id\":\"https:\\\/\\\/melillimonartesania.com\\\/ca\\\/#organization\",\"name\":\"Mel i Llimona Creaci\u00f3 Artesanal S.C.C.L.\",\"alternateName\":\"Mel i Llimona iCanyella\",\"url\":\"https:\\\/\\\/melillimonartesania.com\\\/ca\\\/\",\"logo\":{\"@id\":\"https:\\\/\\\/melillimonartesania.com\\\/ca\\\/com-fer-un-foto-transfer-a-casa-pas-a-pas\\\/#local-main-organization-logo\"},\"image\":{\"@id\":\"https:\\\/\\\/melillimonartesania.com\\\/ca\\\/com-fer-un-foto-transfer-a-casa-pas-a-pas\\\/#local-main-organization-logo\"},\"description\":\"Mel i Llimona Artesan\u00eda en Badalona: Desde 2018, somos el taller de referencia para la restauraci\u00f3n profesional de muebles antiguos y el arte del 'hazlo t\u00fa mismo'. Hemos evolucionado a iCanyella en Badalona, un espacio que integra nuestro taller tradicional con un mercado local de artesan\u00eda sostenible y degustaci\u00f3n de productos ecol\u00f3gicos. Vis\u00edtanos para tus proyectos de restauraci\u00f3n, talleres comunitarios y para apoyar el comercio justo en la zona.\",\"numberOfEmployees\":{\"@type\":\"QuantitativeValue\",\"minValue\":\"1\",\"maxValue\":\"10\"},\"address\":{\"@id\":\"https:\\\/\\\/melillimonartesania.com\\\/ca\\\/com-fer-un-foto-transfer-a-casa-pas-a-pas\\\/#local-main-place-address\"},\"telephone\":[\"+34 635 422 982\"],\"contactPoint\":{\"@type\":\"ContactPoint\",\"telephone\":\"+34 635 422 982\",\"email\":\"info@melillimonartesania.com\"},\"openingHoursSpecification\":[{\"@type\":\"OpeningHoursSpecification\",\"dayOfWeek\":[\"Monday\"],\"opens\":\"17:00\",\"closes\":\"20:00\"},{\"@type\":\"OpeningHoursSpecification\",\"dayOfWeek\":[\"Tuesday\",\"Wednesday\",\"Thursday\",\"Friday\"],\"opens\":\"09:00\",\"closes\":\"20:00\"},{\"@type\":\"OpeningHoursSpecification\",\"dayOfWeek\":[\"Saturday\"],\"opens\":\"09:00\",\"closes\":\"14:00\"},{\"@type\":\"OpeningHoursSpecification\",\"dayOfWeek\":[\"Sunday\"],\"opens\":\"00:00\",\"closes\":\"00:00\"}],\"email\":\"hola@melillimonartesania.com\",\"areaServed\":\"Badalona, Barcelona, Maresme\",\"vatID\":\"F56933963\",\"taxID\":\"F56933963\",\"currenciesAccepted\":\"EUR\",\"paymentAccepted\":\"Contado, tarjeta\"},{\"@type\":\"Person\",\"@id\":\"https:\\\/\\\/melillimonartesania.com\\\/ca\\\/#\\\/schema\\\/person\\\/adcfe7089d2b78f6b4c97e1715f3fb51\",\"name\":\"Wilbor\",\"image\":{\"@type\":\"ImageObject\",\"inLanguage\":\"ca\",\"@id\":\"https:\\\/\\\/melillimonartesania.com\\\/wp-content\\\/litespeed\\\/avatar\\\/094c47bddcb02590399f4ab89d410ae8.jpg?ver=1776992530\",\"url\":\"https:\\\/\\\/melillimonartesania.com\\\/wp-content\\\/litespeed\\\/avatar\\\/094c47bddcb02590399f4ab89d410ae8.jpg?ver=1776992530\",\"contentUrl\":\"https:\\\/\\\/melillimonartesania.com\\\/wp-content\\\/litespeed\\\/avatar\\\/094c47bddcb02590399f4ab89d410ae8.jpg?ver=1776992530\",\"caption\":\"Wilbor\"},\"sameAs\":[\"https:\\\/\\\/melillimonartesania.com\"]},{\"@type\":\"PostalAddress\",\"@id\":\"https:\\\/\\\/melillimonartesania.com\\\/ca\\\/com-fer-un-foto-transfer-a-casa-pas-a-pas\\\/#local-main-place-address\",\"streetAddress\":\"Carrer d'Arn\u00fas, 36\",\"addressLocality\":\"Badalona\",\"postalCode\":\"08911\",\"addressRegion\":\"Catalunya\",\"addressCountry\":\"ES\"},{\"@type\":\"ImageObject\",\"inLanguage\":\"ca\",\"@id\":\"https:\\\/\\\/melillimonartesania.com\\\/ca\\\/com-fer-un-foto-transfer-a-casa-pas-a-pas\\\/#local-main-organization-logo\",\"url\":\"https:\\\/\\\/melillimonartesania.com\\\/wp-content\\\/uploads\\\/2025\\\/09\\\/melillimona-icanyella-black.svg\",\"contentUrl\":\"https:\\\/\\\/melillimonartesania.com\\\/wp-content\\\/uploads\\\/2025\\\/09\\\/melillimona-icanyella-black.svg\",\"width\":135,\"height\":20,\"caption\":\"Mel i Llimona Creaci\u00f3 Artesanal S.C.C.L.\"}]}<\/script>\n<meta name=\"geo.placename\" content=\"Badalona\" \/>\n<meta name=\"geo.region\" content=\"Espanya\" \/>\n<!-- \/ Yoast SEO Premium plugin. -->","yoast_head_json":{"title":"Com fer un foto transfer a casa pas a pas - Mel i Llimona &amp; iCanyella: Artesan\u00eda, Gastronom\u00eda y Comunidad en Badalona","description":"Descobreix com fer una foto transfer a casa amb materials simples i sense complicacions. Ideal per als teus projectes creatius.","robots":{"index":"index","follow":"follow","max-snippet":"max-snippet:-1","max-image-preview":"max-image-preview:large","max-video-preview":"max-video-preview:-1"},"canonical":"https:\/\/melillimonartesania.com\/ca\/com-fer-un-foto-transfer-a-casa-pas-a-pas\/","og_locale":"ca_ES","og_type":"article","og_title":"Com fer un foto transfer a casa pas a pas","og_description":"Descobreix com fer una foto transfer a casa amb materials simples i sense complicacions. Ideal per als teus projectes creatius.","og_url":"https:\/\/melillimonartesania.com\/ca\/com-fer-un-foto-transfer-a-casa-pas-a-pas\/","og_site_name":"Mel i Llimona &amp; iCanyella: Artesan\u00eda, Gastronom\u00eda y Comunidad en Badalona","article_published_time":"2025-05-10T07:17:15+00:00","article_modified_time":"2025-05-10T08:34:20+00:00","og_image":[{"width":1920,"height":1080,"url":"https:\/\/melillimonartesania.com\/wp-content\/uploads\/2025\/05\/foto-trasnfer.jpg","type":"image\/jpeg"}],"author":"Wilbor","twitter_card":"summary_large_image","twitter_misc":{"Escrit per":"Wilbor","Temps estimat de lectura":"22 minuts"},"schema":{"@context":"https:\/\/schema.org","@graph":[{"@type":"Article","@id":"https:\/\/melillimonartesania.com\/ca\/com-fer-un-foto-transfer-a-casa-pas-a-pas\/#article","isPartOf":{"@id":"https:\/\/melillimonartesania.com\/ca\/com-fer-un-foto-transfer-a-casa-pas-a-pas\/"},"author":{"name":"Wilbor","@id":"https:\/\/melillimonartesania.com\/ca\/#\/schema\/person\/adcfe7089d2b78f6b4c97e1715f3fb51"},"headline":"Com fer un foto transfer a casa pas a pas","datePublished":"2025-05-10T07:17:15+00:00","dateModified":"2025-05-10T08:34:20+00:00","mainEntityOfPage":{"@id":"https:\/\/melillimonartesania.com\/ca\/com-fer-un-foto-transfer-a-casa-pas-a-pas\/"},"wordCount":4214,"commentCount":0,"publisher":{"@id":"https:\/\/melillimonartesania.com\/ca\/#organization"},"image":{"@id":"https:\/\/melillimonartesania.com\/ca\/com-fer-un-foto-transfer-a-casa-pas-a-pas\/#primaryimage"},"thumbnailUrl":"https:\/\/melillimonartesania.com\/wp-content\/uploads\/2025\/05\/foto-trasnfer.jpg","articleSection":["Inspiraci\u00f3 i estil","Mel i Llimona Artesania"],"inLanguage":"ca","potentialAction":[{"@type":"CommentAction","name":"Comment","target":["https:\/\/melillimonartesania.com\/ca\/com-fer-un-foto-transfer-a-casa-pas-a-pas\/#respond"]}]},{"@type":"WebPage","@id":"https:\/\/melillimonartesania.com\/ca\/com-fer-un-foto-transfer-a-casa-pas-a-pas\/","url":"https:\/\/melillimonartesania.com\/ca\/com-fer-un-foto-transfer-a-casa-pas-a-pas\/","name":"Com fer un foto transfer a casa pas a pas - Mel i Llimona &amp; iCanyella: Artesan\u00eda, Gastronom\u00eda y Comunidad en Badalona","isPartOf":{"@id":"https:\/\/melillimonartesania.com\/ca\/#website"},"primaryImageOfPage":{"@id":"https:\/\/melillimonartesania.com\/ca\/com-fer-un-foto-transfer-a-casa-pas-a-pas\/#primaryimage"},"image":{"@id":"https:\/\/melillimonartesania.com\/ca\/com-fer-un-foto-transfer-a-casa-pas-a-pas\/#primaryimage"},"thumbnailUrl":"https:\/\/melillimonartesania.com\/wp-content\/uploads\/2025\/05\/foto-trasnfer.jpg","datePublished":"2025-05-10T07:17:15+00:00","dateModified":"2025-05-10T08:34:20+00:00","description":"Descobreix com fer una foto transfer a casa amb materials simples i sense complicacions. Ideal per als teus projectes creatius.","breadcrumb":{"@id":"https:\/\/melillimonartesania.com\/ca\/com-fer-un-foto-transfer-a-casa-pas-a-pas\/#breadcrumb"},"inLanguage":"ca","potentialAction":[{"@type":"ReadAction","target":["https:\/\/melillimonartesania.com\/ca\/com-fer-un-foto-transfer-a-casa-pas-a-pas\/"]}]},{"@type":"ImageObject","inLanguage":"ca","@id":"https:\/\/melillimonartesania.com\/ca\/com-fer-un-foto-transfer-a-casa-pas-a-pas\/#primaryimage","url":"https:\/\/melillimonartesania.com\/wp-content\/uploads\/2025\/05\/foto-trasnfer.jpg","contentUrl":"https:\/\/melillimonartesania.com\/wp-content\/uploads\/2025\/05\/foto-trasnfer.jpg","width":1920,"height":1080,"caption":"Como hacer foto transfer en casa"},{"@type":"BreadcrumbList","@id":"https:\/\/melillimonartesania.com\/ca\/com-fer-un-foto-transfer-a-casa-pas-a-pas\/#breadcrumb","itemListElement":[{"@type":"ListItem","position":1,"name":"Portada","item":"https:\/\/melillimonartesania.com\/ca\/mel-i-llimona-icanyella\/"},{"@type":"ListItem","position":2,"name":"Com fer un foto transfer a casa pas a pas"}]},{"@type":"WebSite","@id":"https:\/\/melillimonartesania.com\/ca\/#website","url":"https:\/\/melillimonartesania.com\/ca\/","name":"Mel i Llimona &amp; iCanyella: Artesan\u00eda, Gastronom\u00eda y Comunidad en Badalona","description":"Mel i Llimona &amp; iCanyella, un espacio que conserva su esencia artesanal  y a\u00f1ade degustaci\u00f3n ecol\u00f3gica, mercado sostenible y un espacio para la comunidad en Badalona.","publisher":{"@id":"https:\/\/melillimonartesania.com\/ca\/#organization"},"potentialAction":[{"@type":"SearchAction","target":{"@type":"EntryPoint","urlTemplate":"https:\/\/melillimonartesania.com\/ca\/?s={search_term_string}"},"query-input":{"@type":"PropertyValueSpecification","valueRequired":true,"valueName":"search_term_string"}}],"inLanguage":"ca"},{"@type":["Organization","Place","LocalBusiness"],"@id":"https:\/\/melillimonartesania.com\/ca\/#organization","name":"Mel i Llimona Creaci\u00f3 Artesanal S.C.C.L.","alternateName":"Mel i Llimona iCanyella","url":"https:\/\/melillimonartesania.com\/ca\/","logo":{"@id":"https:\/\/melillimonartesania.com\/ca\/com-fer-un-foto-transfer-a-casa-pas-a-pas\/#local-main-organization-logo"},"image":{"@id":"https:\/\/melillimonartesania.com\/ca\/com-fer-un-foto-transfer-a-casa-pas-a-pas\/#local-main-organization-logo"},"description":"Mel i Llimona Artesan\u00eda en Badalona: Desde 2018, somos el taller de referencia para la restauraci\u00f3n profesional de muebles antiguos y el arte del 'hazlo t\u00fa mismo'. Hemos evolucionado a iCanyella en Badalona, un espacio que integra nuestro taller tradicional con un mercado local de artesan\u00eda sostenible y degustaci\u00f3n de productos ecol\u00f3gicos. Vis\u00edtanos para tus proyectos de restauraci\u00f3n, talleres comunitarios y para apoyar el comercio justo en la zona.","numberOfEmployees":{"@type":"QuantitativeValue","minValue":"1","maxValue":"10"},"address":{"@id":"https:\/\/melillimonartesania.com\/ca\/com-fer-un-foto-transfer-a-casa-pas-a-pas\/#local-main-place-address"},"telephone":["+34 635 422 982"],"contactPoint":{"@type":"ContactPoint","telephone":"+34 635 422 982","email":"info@melillimonartesania.com"},"openingHoursSpecification":[{"@type":"OpeningHoursSpecification","dayOfWeek":["Monday"],"opens":"17:00","closes":"20:00"},{"@type":"OpeningHoursSpecification","dayOfWeek":["Tuesday","Wednesday","Thursday","Friday"],"opens":"09:00","closes":"20:00"},{"@type":"OpeningHoursSpecification","dayOfWeek":["Saturday"],"opens":"09:00","closes":"14:00"},{"@type":"OpeningHoursSpecification","dayOfWeek":["Sunday"],"opens":"00:00","closes":"00:00"}],"email":"hola@melillimonartesania.com","areaServed":"Badalona, Barcelona, Maresme","vatID":"F56933963","taxID":"F56933963","currenciesAccepted":"EUR","paymentAccepted":"Contado, tarjeta"},{"@type":"Person","@id":"https:\/\/melillimonartesania.com\/ca\/#\/schema\/person\/adcfe7089d2b78f6b4c97e1715f3fb51","name":"Wilbor","image":{"@type":"ImageObject","inLanguage":"ca","@id":"https:\/\/melillimonartesania.com\/wp-content\/litespeed\/avatar\/094c47bddcb02590399f4ab89d410ae8.jpg?ver=1776992530","url":"https:\/\/melillimonartesania.com\/wp-content\/litespeed\/avatar\/094c47bddcb02590399f4ab89d410ae8.jpg?ver=1776992530","contentUrl":"https:\/\/melillimonartesania.com\/wp-content\/litespeed\/avatar\/094c47bddcb02590399f4ab89d410ae8.jpg?ver=1776992530","caption":"Wilbor"},"sameAs":["https:\/\/melillimonartesania.com"]},{"@type":"PostalAddress","@id":"https:\/\/melillimonartesania.com\/ca\/com-fer-un-foto-transfer-a-casa-pas-a-pas\/#local-main-place-address","streetAddress":"Carrer d'Arn\u00fas, 36","addressLocality":"Badalona","postalCode":"08911","addressRegion":"Catalunya","addressCountry":"ES"},{"@type":"ImageObject","inLanguage":"ca","@id":"https:\/\/melillimonartesania.com\/ca\/com-fer-un-foto-transfer-a-casa-pas-a-pas\/#local-main-organization-logo","url":"https:\/\/melillimonartesania.com\/wp-content\/uploads\/2025\/09\/melillimona-icanyella-black.svg","contentUrl":"https:\/\/melillimonartesania.com\/wp-content\/uploads\/2025\/09\/melillimona-icanyella-black.svg","width":135,"height":20,"caption":"Mel i Llimona Creaci\u00f3 Artesanal S.C.C.L."}]},"geo.placename":"Badalona","geo.region":"Espanya"},"_links":{"self":[{"href":"https:\/\/melillimonartesania.com\/ca\/wp-json\/wp\/v2\/posts\/3052","targetHints":{"allow":["GET"]}}],"collection":[{"href":"https:\/\/melillimonartesania.com\/ca\/wp-json\/wp\/v2\/posts"}],"about":[{"href":"https:\/\/melillimonartesania.com\/ca\/wp-json\/wp\/v2\/types\/post"}],"author":[{"embeddable":true,"href":"https:\/\/melillimonartesania.com\/ca\/wp-json\/wp\/v2\/users\/1"}],"replies":[{"embeddable":true,"href":"https:\/\/melillimonartesania.com\/ca\/wp-json\/wp\/v2\/comments?post=3052"}],"version-history":[{"count":0,"href":"https:\/\/melillimonartesania.com\/ca\/wp-json\/wp\/v2\/posts\/3052\/revisions"}],"wp:featuredmedia":[{"embeddable":true,"href":"https:\/\/melillimonartesania.com\/ca\/wp-json\/wp\/v2\/media\/3035"}],"wp:attachment":[{"href":"https:\/\/melillimonartesania.com\/ca\/wp-json\/wp\/v2\/media?parent=3052"}],"wp:term":[{"taxonomy":"category","embeddable":true,"href":"https:\/\/melillimonartesania.com\/ca\/wp-json\/wp\/v2\/categories?post=3052"},{"taxonomy":"post_tag","embeddable":true,"href":"https:\/\/melillimonartesania.com\/ca\/wp-json\/wp\/v2\/tags?post=3052"}],"curies":[{"name":"wp","href":"https:\/\/api.w.org\/{rel}","templated":true}]}}