{"id":3234,"date":"2025-05-14T16:18:55","date_gmt":"2025-05-14T14:18:55","guid":{"rendered":"https:\/\/melillimonartesania.com\/?p=3234"},"modified":"2025-05-14T16:19:21","modified_gmt":"2025-05-14T14:19:21","slug":"encordat-artesanal","status":"publish","type":"post","link":"https:\/\/melillimonartesania.com\/ca\/encordat-artesanal\/","title":{"rendered":"Encordat artesanal: tradici\u00f3 i eleg\u00e0ncia"},"content":{"rendered":"\n<p>Alguna vegada has sentit la satisfacci\u00f3 de crear alguna cosa nom\u00e9s amb les teves mans, fil i paci\u00e8ncia? L&#8217;encordat artesanal no \u00e9s nom\u00e9s una t\u00e8cnica ancestral, \u00e9s tamb\u00e9 una forma d&#8217;expressi\u00f3 i connexi\u00f3 amb el natural. En aquest viatge, descobrir\u00e0s com uns simples nusos poden transformar-se en veritables obres d&#8217;art, plenes d&#8217;hist\u00f2ria, utilitat i bellesa.<\/p>\n\n\n\n<h2 class=\"wp-block-heading\" id=\"h-introduccio-al-mon-de-l-encordat-artesanal\">Introducci\u00f3 al m\u00f3n de l&#8217;encordat artesanal<\/h2>\n\n\n\n<p>Submergir-se en l&#8217;encordat artesanal \u00e9s endinsar-se en una pr\u00e0ctica que connecta mans, materials i \u00e0nima. No es tracta nom\u00e9s de teixir cordes o fils; \u00e9s una forma d&#8217;expressi\u00f3 profundament arrelada en la hist\u00f2ria de la humanitat. Aquest art mil\u00b7lenari ha servit per construir, decorar, protegir i transmetre identitat cultural. Avui, ren\u00e9ix amb for\u00e7a com una disciplina que cultiva la paci\u00e8ncia, l&#8217;atenci\u00f3 plena i el gust pel fet a m\u00e0.<\/p>\n\n\n\n<h3 class=\"wp-block-heading\" id=\"h-que-es-exactament-l-encordat-artesanal\">Qu\u00e8 \u00e9s exactament l&#8217;encordat artesanal?<\/h3>\n\n\n\n<p>L&#8217;encordat artesanal \u00e9s una t\u00e8cnica manual que consisteix a entrella\u00e7ar fibres, cordes o fils \u2014generalment naturals\u2014 per crear o recobrir estructures amb patrons geom\u00e8trics, decoratius o funcionals. Sovint s&#8217;aplica a objectes com ara cadires, tamborets, respatllers, mobles, cistells o fins i tot elements decoratius com ara cortines, paravents i llums.<\/p>\n\n\n\n<p>Aquesta t\u00e8cnica es caracteritza per la seva minuciositat i precisi\u00f3. Cada nus, cada creuament de corda, es realitza a m\u00e0, seguint un ritme gaireb\u00e9 meditatiu que transforma objectes simples en peces \u00faniques plenes de car\u00e0cter i bellesa. El resultat no nom\u00e9s \u00e9s est\u00e8tic, sin\u00f3 tamb\u00e9 resistent i durador, cosa que converteix l&#8217;encordat en una opci\u00f3 tan funcional com art\u00edstica.<\/p>\n\n\n\n<p>M\u00e9s enll\u00e0 de la seva aparen\u00e7a, l&#8217;encordat artesanal representa un retorn a l&#8217;essencial: treballar amb materials nobles, prendre&#8217;s el temps necessari per crear i establir una connexi\u00f3 aut\u00e8ntica amb el que es construeix. \u00c9s, en ess\u00e8ncia, una manera d&#8217;honorar el temps i la mat\u00e8ria.<\/p>\n\n\n\n<h3 class=\"wp-block-heading\" id=\"h-breu-historia-i-origen-d-aquesta-tecnica-mil-lenaria\">Breu hist\u00f2ria i origen d&#8217;aquesta t\u00e8cnica mil\u00b7len\u00e0ria<\/h3>\n\n\n\n<p>L&#8217;encordat artesanal t\u00e9 arrels profundes que es perden en el temps. Civilitzacions antigues com ara els egipcis, els grecs i les cultures mesoamericanes ja utilitzaven t\u00e8cniques de trenat i anudat per fabricar cistells, xarxes de pesca, mobiliari i eines del dia a dia. Aquestes pr\u00e0ctiques no nom\u00e9s eren necess\u00e0ries per a la vida quotidiana, sin\u00f3 que tamb\u00e9 estaven carregades de simbolisme i sabers transmesos de generaci\u00f3 en generaci\u00f3.<\/p>\n\n\n\n<p>A \u00c0sia, especialment al Jap\u00f3 i a la Xina, l&#8217;art de l&#8217;anudat (com ara el <em>kumihimo<\/em> o el <em>macram\u00e9<\/em>) va evolucionar fins a convertir-se en una forma ornamental d&#8217;alta precisi\u00f3. A Europa, durant l&#8217;Edat Mitjana i el Renaixement, l&#8217;encordat va prendre protagonisme en l&#8217;elaboraci\u00f3 de mobles artesanals, especialment en pa\u00efsos com ara Espanya, It\u00e0lia i Fran\u00e7a, on els artesans creaven seients amb t\u00e8cniques de boga, v\u00edmet o corda trenada.<\/p>\n\n\n\n<p>Amb el pas del temps, i malgrat la industrialitzaci\u00f3, l&#8217;encordat mai no va desapar\u00e8ixer. Es va mantenir viu en tallers artesanals, en comunitats rurals, en cultures ind\u00edgenes&#8230; i en les mans de qui va trobar en aquest ofici una manera de conservar la mem\u00f2ria del fet a m\u00e0. Avui, gr\u00e0cies a una nova valoraci\u00f3 del treball artesanal i sostenible, aquesta t\u00e8cnica ren\u00e9ix amb for\u00e7a, guanyant pres\u00e8ncia tant en el disseny contemporani com en les pr\u00e0ctiques terap\u00e8utiques i comunit\u00e0ries.<\/p>\n\n\n\n<h2 class=\"wp-block-heading\" id=\"h-materials-fonamentals-en-l-encordat-artesanal\">Materials fonamentals en l&#8217;encordat artesanal<\/h2>\n\n\n\n<p>En l&#8217;encordat artesanal, els materials no nom\u00e9s compleixen una funci\u00f3 estructural: s\u00f3n els veritables protagonistes de cada creaci\u00f3. Triar b\u00e9 quin tipus de corda utilitzar, quines eines emprar i com assegurar la sostenibilitat del proc\u00e9s \u00e9s clau per aconseguir un acabat que sigui tan bell com resistent. Comprendre les qualitats de cada material et permetr\u00e0 treballar amb m\u00e9s consci\u00e8ncia, qualitat i harmonia amb l&#8217;entorn.<\/p>\n\n\n\n<h3 class=\"wp-block-heading\" id=\"h-cordes-naturals-vs-cordes-sintetiques\">Cordes naturals vs. cordes sint\u00e8tiques<\/h3>\n\n\n\n<p>Una de les decisions m\u00e9s importants en iniciar un projecte d&#8217;encordat \u00e9s el tipus de corda. L&#8217;elecci\u00f3 entre materials naturals o sint\u00e8tics defineix no nom\u00e9s el resultat est\u00e8tic, sin\u00f3 tamb\u00e9 la durabilitat, el tacte, la flexibilitat i l&#8217;impacte mediambiental de l&#8217;objecte final.<\/p>\n\n\n\n<p><strong>Cordes naturals<\/strong> Les cordes naturals, com ara el jute, el c\u00e0nem, el cot\u00f3, el lli o el r\u00e0fia, s\u00f3n altament valorades en l&#8217;encordat artesanal per la seva textura c\u00e0lida, la seva biodegradabilitat i el seu origen vegetal. Ofereixen un acabat m\u00e9s org\u00e0nic i una sensaci\u00f3 al tacte que connecta directament amb la terra i la tradici\u00f3. A m\u00e9s, envelleixen amb noblesa, desenvolupant una p\u00e0tina que parla del pas del temps.<\/p>\n\n\n\n<p>Cada fibra t\u00e9 el seu car\u00e0cter:<\/p>\n\n\n\n<ul class=\"wp-block-list\">\n<li>El <strong>c\u00e0nem<\/strong> \u00e9s ferm, r\u00fastic i molt resistent.<\/li>\n\n\n\n<li>El <strong>jute<\/strong> t\u00e9 un color daurat natural i \u00e9s ideal per a peces decoratives.<\/li>\n\n\n\n<li>El <strong>cot\u00f3<\/strong> aporta suavitat, elasticitat i \u00e9s f\u00e0cil de tenyir.<\/li>\n\n\n\n<li>El <strong>lli<\/strong>, m\u00e9s fi, permet trames elegants i detallades.<\/li>\n<\/ul>\n\n\n\n<p><strong>Cordes sint\u00e8tiques<\/strong> Les cordes sint\u00e8tiques, com ara el nil\u00f3 o el polipropil\u00e8, ofereixen avantatges t\u00e8cniques pel que fa a resist\u00e8ncia a la humitat, al motlle i a la tracci\u00f3. S\u00f3n opcions pr\u00e0ctiques per a mobiliari exterior o per a projectes que requereixen colors vius i uniformes, ja que aquestes fibres permeten una gran varietat crom\u00e0tica i una bona estabilitat en exteriors.<\/p>\n\n\n\n<p>No obstant aix\u00f2, el seu tacte \u00e9s menys c\u00e0lid i el seu impacte ambiental \u00e9s m\u00e9s gran, ja que provenen del petroli i no s\u00f3n biodegradables. Per aix\u00f2, tot i que \u00fatils en contextos espec\u00edfics, no sempre s\u00f3n la primera opci\u00f3 en un encordat veritablement artesanal.<\/p>\n\n\n\n<h3 class=\"wp-block-heading\" id=\"h-eines-essencials-per-a-un-bon-acabat\">Eines essencials per a un bon acabat<\/h3>\n\n\n\n<p>Si b\u00e9 l&#8217;encordat \u00e9s un art profundament manual, comptar amb eines adequades marca una gran difer\u00e8ncia tant en el proc\u00e9s com en el resultat. La qualitat de l&#8217;acabat, la precisi\u00f3 dels nusos i la comoditat durant el treball depenen, en bona mesura, de l&#8217;\u00fas d&#8217;instruments correctes.<\/p>\n\n\n\n<p>Aquestes s\u00f3n algunes de les eines m\u00e9s utilitzades:<\/p>\n\n\n\n<ul class=\"wp-block-list\">\n<li><strong>Tisores de precisi\u00f3<\/strong> o c\u00fater afilat: indispensables per tallar les cordes sense desfilagarsar.<\/li>\n\n\n\n<li><strong>Agulles d&#8217;encordar<\/strong>: \u00fatils per passar la corda per trames tancades o estructures complexes.<\/li>\n\n\n\n<li><strong>Alicates plans<\/strong>: ajuden a tensar les cordes i ajustar detalls sense danyar les fibres.<\/li>\n\n\n\n<li><strong>Pinzells de cerres suaus<\/strong>: permeten netejar i pentinar l&#8217;acabat final.<\/li>\n\n\n\n<li><strong>Guants de treball<\/strong>: protegeixen les mans, especialment en treballar amb cordes aspres com el c\u00e0nem o el jute.<\/li>\n\n\n\n<li><strong>Punxons o alesna<\/strong>: faciliten l&#8217;obertura d&#8217;espais entre els teixits quan \u00e9s necessari.<\/li>\n<\/ul>\n\n\n\n<p>A m\u00e9s, comptar amb una base estable de treball, bona il\u00b7luminaci\u00f3 i temps suficient s\u00f3n condicions tan fonamentals com qualsevol eina f\u00edsica.<\/p>\n\n\n\n<h3 class=\"wp-block-heading\" id=\"h-com-triar-materials-sostenibles-i-duradors\">Com triar materials sostenibles i duradors<\/h3>\n\n\n\n<p>La sostenibilitat \u00e9s un pilar central en l&#8217;encordat artesanal contemporani. No es tracta nom\u00e9s de triar all\u00f2 &#8220;natural&#8221;, sin\u00f3 d&#8217;adoptar una visi\u00f3 completa del proc\u00e9s: des de l&#8217;origen de la fibra fins a la destinaci\u00f3 de l&#8217;objecte una vegada compleixi el seu cicle de vida.<\/p>\n\n\n\n<p>Alguns criteris clau per seleccionar materials sostenibles:<\/p>\n\n\n\n<ul class=\"wp-block-list\">\n<li><strong>Origen local i tra\u00e7able<\/strong>: optar per cordes produ\u00efdes de forma artesanal o industrial responsable a la teva regi\u00f3 redueix la petjada ecol\u00f2gica del transport i dona suport a economies circulars.<\/li>\n\n\n\n<li><strong>Fibres biodegradables<\/strong>: materials com ara el c\u00e0nem, el lli i el cot\u00f3 org\u00e0nic es degraden sense deixar residus contaminants.<\/li>\n\n\n\n<li><strong>Tints vegetals o naturals<\/strong>: si es desitja treballar amb color, triar tints no t\u00f2xics i de baix impacte \u00e9s una decisi\u00f3 coherent amb l&#8217;esperit artesanal.<\/li>\n\n\n\n<li><strong>Reciclatge i reutilitzaci\u00f3<\/strong>: les cordes recuperades d&#8217;altres objectes, les fibres t\u00e8xtils reciclades o les restes de tallers poden tenir una nova vida a les teves mans.<\/li>\n\n\n\n<li><strong>Durabilitat real<\/strong>: un material sostenible no nom\u00e9s \u00e9s ecol\u00f2gic, sin\u00f3 tamb\u00e9 durador. Com m\u00e9s temps visqui una pe\u00e7a, menor ser\u00e0 la necessitat de substituir-la.<\/li>\n<\/ul>\n\n\n\n<p>En definitiva, triar amb consci\u00e8ncia \u00e9s tamb\u00e9 una forma de teixir: teixir futur, comunitat i respecte pels ritmes de la natura.<\/p>\n\n\n\n<h2 class=\"wp-block-heading\" id=\"h-tecniques-basiques-de-l-encordat-artesanal\">T\u00e8cniques b\u00e0siques de l&#8217;encordat artesanal<\/h2>\n\n\n\n<p>Dominar les t\u00e8cniques b\u00e0siques de l&#8217;encordat artesanal \u00e9s com aprendre els primers acords d&#8217;una can\u00e7\u00f3: obren la porta a infinites possibilitats creatives. Tot i que hi ha centenars de variacions segons la tradici\u00f3, el material i l&#8217;objecte a encordar, hi ha algunes t\u00e8cniques universals que qualsevol persona interessada en aquest art hauria de con\u00e8ixer. Aquestes t\u00e8cniques formen la base per a projectes duradors, bells i funcionals.<\/p>\n\n\n\n<h3 class=\"wp-block-heading\" id=\"h-trenat-basic\">Trenat b\u00e0sic<\/h3>\n\n\n\n<p>El trenat b\u00e0sic \u00e9s una de les t\u00e8cniques m\u00e9s antigues i vers\u00e0tils de l&#8217;encordat. \u00c9s ideal per a qui s&#8217;inicia en aquesta disciplina, ja que no requereix eines complexes i es pot aplicar a m\u00faltiples superf\u00edcies: des de respatllers de cadires fins a decoracions murals.<\/p>\n\n\n\n<p><strong>Com es realitza?<\/strong> El trenat simple consisteix a entrella\u00e7ar dos o m\u00e9s fils o cordes formant un patr\u00f3 repetitiu. Les versions m\u00e9s comunes s\u00f3n el trenat de tres caps (com una trena de cabell), de quatre caps en forma d&#8217;espiga, o el trenat pla tipus cinta.<\/p>\n\n\n\n<p>Aquest tipus de t\u00e8cnica permet:<\/p>\n\n\n\n<ul class=\"wp-block-list\">\n<li>Cobrir superf\u00edcies de forma uniforme.<\/li>\n\n\n\n<li>Aconseguir una estructura flexible per\u00f2 ferma.<\/li>\n\n\n\n<li>Introduir canvis de color o textura de manera senzilla.<\/li>\n<\/ul>\n\n\n\n<p><strong>Consell pr\u00e0ctic:<\/strong> Abans de comen\u00e7ar, fixa els extrems superiors de les cordes amb cinta o pinces per mantenir la tensi\u00f3 inicial. Marca els marges o punts d&#8217;ancoratge per assegurar simetria.<\/p>\n\n\n\n<p>El trenat b\u00e0sic \u00e9s tamb\u00e9 una excel\u00b7lent manera d&#8217;entrar en contacte amb el ritme de l&#8217;encordat: t&#8217;obliga a repetir un gest i, amb cada repetici\u00f3, les teves mans aprenen el llenguatge de les fibres.<\/p>\n\n\n\n<h3 class=\"wp-block-heading\" id=\"h-nusos-decoratius-i-funcionals\">Nusos decoratius i funcionals<\/h3>\n\n\n\n<p>Els nusos no nom\u00e9s serveixen per assegurar un teixit: tamb\u00e9 expliquen hist\u00f2ries, dibuixen formes i aporten car\u00e0cter a cada pe\u00e7a. En l&#8217;encordat artesanal, els nusos compleixen una doble funci\u00f3: <strong>decorar i estructurar<\/strong>.<\/p>\n\n\n\n<p>Alguns dels m\u00e9s utilitzats s\u00f3n:<\/p>\n\n\n\n<ul class=\"wp-block-list\">\n<li><strong>Nus pla o quadrat:<\/strong> molt com\u00fa en macram\u00e9, crea una superf\u00edcie s\u00f2lida ideal per a respatllers o panells decoratius.<\/li>\n\n\n\n<li><strong>Nus fest\u00f3:<\/strong> genera una l\u00ednia corba o recta que es pot utilitzar com a vora o detall ornamental.<\/li>\n\n\n\n<li><strong>Nus cap de turc:<\/strong> decoratiu i una mica m\u00e9s complex, ideal per a remats o punts focals.<\/li>\n\n\n\n<li><strong>Nus d&#8217;alosa (cow hitch):<\/strong> excel\u00b7lent per iniciar projectes, ja que permet subjectar fermament les cordes al suport.<\/li>\n<\/ul>\n\n\n\n<p><strong>Per qu\u00e8 s\u00f3n tan importants els nusos?<\/strong> Perqu\u00e8 s\u00f3n la base de l&#8217;estructura. Un bon nus mant\u00e9 la tensi\u00f3 adequada, evita que les fibres es desplacin i dona seguretat al conjunt. A m\u00e9s, aprendre a combinar-los permet enriquir visualment qualsevol treball.<\/p>\n\n\n\n<p><strong>Consell pr\u00e0ctic:<\/strong> Practica cada nus amb una corda gruixuda abans d&#8217;aplicar-lo al teu projecte final. Aix\u00ed entendr\u00e0s millor com es comporta la corda i com ajustar la pressi\u00f3.<\/p>\n\n\n\n<h3 class=\"wp-block-heading\">T\u00e8cniques de tensi\u00f3 i fixaci\u00f3<\/h3>\n\n\n\n<p>La tensi\u00f3 adequada \u00e9s el secret m\u00e9s ben guardat de tot encordador o encordadora. Un treball amb bona tensi\u00f3 no nom\u00e9s llueix m\u00e9s net i professional, sin\u00f3 que tamb\u00e9 assegura la <strong>durabilitat<\/strong> de l&#8217;objecte. Si est\u00e0 massa fluix, perd fermesa; si est\u00e0 massa tens, es pot deformar o danyar l&#8217;estructura.<\/p>\n\n\n\n<p><strong>Com s&#8217;aconsegueix una bona tensi\u00f3?<\/strong><\/p>\n\n\n\n<ul class=\"wp-block-list\">\n<li><strong>Fixaci\u00f3 inicial s\u00f2lida:<\/strong> comen\u00e7a ancorant fermament el primer punt. Aix\u00f2 sol fer-se lligant la corda a una estructura r\u00edgida (com el marc d&#8217;una cadira).<\/li>\n\n\n\n<li><strong>Tensi\u00f3 constant:<\/strong> mant\u00e9n la mateixa pressi\u00f3 al llarg del trenat o els nusos. Et pots ajudar d&#8217;alicates planes o tensors.<\/li>\n\n\n\n<li><strong>Revisi\u00f3 constant:<\/strong> cada certes passades, revisa que no s&#8217;estigui acumulant tensi\u00f3 de m\u00e9s en un costat o que s&#8217;hagi afluixat en un altre.<\/li>\n\n\n\n<li><strong>T\u00e8cniques de bloqueig:<\/strong> als extrems, assegura&#8217;t de bloquejar la corda amb nusos, grapes, o passant-la pel teixit diverses vegades.<\/li>\n<\/ul>\n\n\n\n<p><strong>Errors comuns a evitar:<\/strong><\/p>\n\n\n\n<ul class=\"wp-block-list\">\n<li>No revisar la tensi\u00f3 fins al final del projecte.<\/li>\n\n\n\n<li>Utilitzar cordes massa el\u00e0stiques que tendeixen a afluixar-se.<\/li>\n\n\n\n<li>Tallar la corda abans de fixar-la correctament.<\/li>\n<\/ul>\n\n\n\n<p><strong>Consell pr\u00e0ctic:<\/strong> Per practicar la tensi\u00f3 adequada, prova de fer un mini marc amb claus i fusta i crea una petita trama. Aquesta maqueta t&#8217;ajudar\u00e0 a entendre com es comporten els materials en tensar-se.<\/p>\n\n\n\n<h2 class=\"wp-block-heading\"><strong>Aplicacions pr\u00e0ctiques de l&#8217;encordat artesanal<\/strong><\/h2>\n\n\n\n<p>L&#8217;encordat artesanal no \u00e9s nom\u00e9s una t\u00e8cnica, \u00e9s una manera de transformar all\u00f2 quotidi\u00e0 en alguna cosa extraordin\u00e0ria. La seva bellesa rau en la uni\u00f3 perfecta entre funcionalitat i est\u00e8tica, i les seves aplicacions s\u00f3n tan \u00e0mplies com la teva imaginaci\u00f3 et permeti. Des de reviure un vell moble fins a crear peces \u00faniques de joieria, l&#8217;art d&#8217;entrella\u00e7ar cordes i fibres troba espai en m\u00faltiples disciplines i objectes. Vegem algunes de les m\u00e9s destacades.<\/p>\n\n\n\n<h3 class=\"wp-block-heading\"><strong>Restauraci\u00f3 de cadires i mobiliari<\/strong><\/h3>\n\n\n\n<p>Una de les aplicacions m\u00e9s cl\u00e0ssiques i nobles de l&#8217;encordat artesanal \u00e9s la <strong>restauraci\u00f3 de cadires<\/strong>, tamborets, butaques i tota mena de mobiliari. T&#8217;has trobat mai una cadira antiga amb el seient trencat? No la llencis! Amb una bona t\u00e8cnica d&#8217;encordat pots retornar-li la vida&#8230; i convertir-la en una pe\u00e7a \u00fanica.<\/p>\n\n\n\n<p><strong>Com s&#8217;aplica l&#8217;encordat en cadires?<\/strong><\/p>\n\n\n\n<ul class=\"wp-block-list\">\n<li><strong>Seients i respatllers<\/strong>: mitjan\u00e7ant trenats creuats, patrons geom\u00e8trics o simples l\u00ednies paral\u00b7leles, es pot reconstruir la part central de cadires i butaques.<\/li>\n\n\n\n<li><strong>Combinaci\u00f3 de materials<\/strong>: corda de cot\u00f3 per a un look m\u00e9s suau, medul\u00b7la de ratan per a un toc cl\u00e0ssic, o corda de jute per a un acabat r\u00fastic.<\/li>\n\n\n\n<li><strong>Valor afegit<\/strong>: en restaurar amb encordat artesanal, no nom\u00e9s recuperes l&#8217;\u00fas del moble, tamb\u00e9 n&#8217;eleves l&#8217;est\u00e8tica, donant-li car\u00e0cter, textura i originalitat.<\/li>\n<\/ul>\n\n\n\n<p><strong>Beneficis principals:<\/strong><\/p>\n\n\n\n<ul class=\"wp-block-list\">\n<li>Sostenibilitat: s&#8217;allarga la vida \u00fatil d&#8217;objectes que d&#8217;altra manera acabarien a les escombraries.<\/li>\n\n\n\n<li>Personalitzaci\u00f3: cada pe\u00e7a \u00e9s irrepetible, creada a m\u00e0, al teu ritme, amb els teus colors.<\/li>\n\n\n\n<li>Estalvi econ\u00f2mic: moltes vegades restaurar \u00e9s m\u00e9s barat (i m\u00e9s satisfactori!) que comprar nou.<\/li>\n<\/ul>\n\n\n\n<h3 class=\"wp-block-heading\"><strong>Creaci\u00f3 d&#8217;objectes decoratius i utilitaris<\/strong><\/h3>\n\n\n\n<p>L&#8217;encordat artesanal tamb\u00e9 brilla en l&#8217;univers de la <strong>decoraci\u00f3 d&#8217;interiors<\/strong>. Has vist aquestes l\u00e0mpades fetes amb cordes teixides? O aquestes jardineres penjants de macram\u00e9 que donen vida a qualsevol rac\u00f3? Tot aix\u00f2 i molt m\u00e9s es pot fer amb t\u00e8cniques d&#8217;encordat.<\/p>\n\n\n\n<p><strong>Algunes idees populars:<\/strong><\/p>\n\n\n\n<ul class=\"wp-block-list\">\n<li><strong>Panells murals teixits<\/strong>: perfectes per afegir calidesa a una paret buida.<\/li>\n\n\n\n<li><strong>Portamacetes penjants<\/strong>: una fusi\u00f3 entre est\u00e8tica boho i funcionalitat.<\/li>\n\n\n\n<li><strong>Separadors d&#8217;ambients<\/strong>: trames obertes que permeten dividir espais sense perdre llum.<\/li>\n\n\n\n<li><strong>Revisteros, bosses i cistells<\/strong>: pr\u00e0ctics, duradors i amb molt d&#8217;estil.<\/li>\n<\/ul>\n\n\n\n<p>El millor d&#8217;aquestes creacions \u00e9s que s\u00f3n <strong>f\u00e0cils d&#8217;adaptar<\/strong> al teu estil personal. Pots jugar amb colors, gruixos de corda, patrons i estructures per crear alguna cosa veritablement teva.<\/p>\n\n\n\n<p><strong>Consell d&#8217;expert:<\/strong> Si est\u00e0s comen\u00e7ant, tria projectes petits com ara tovallolers teixits o tapissos de mida redu\u00efda. S\u00f3n ideals per practicar i obtenir resultats r\u00e0pids i motivadors.<\/p>\n\n\n\n<h3 class=\"wp-block-heading\"><strong>Joieria i complements fets a m\u00e0<\/strong><\/h3>\n\n\n\n<p>L&#8217;encordat no es limita a objectes grans. En el m\u00f3n de la <strong>joieria artesanal<\/strong> hi ha trobat un lloc especial. Collarets, polseres, arracades i fins i tot anells es confeccionen utilitzant nusos, trenats i t\u00e8cniques minucioses amb fil encerat, cuir, cot\u00f3 o cordons de seda.<\/p>\n\n\n\n<p><strong>Avantatges d&#8217;aquesta aplicaci\u00f3:<\/strong><\/p>\n\n\n\n<ul class=\"wp-block-list\">\n<li><strong>Lleugeresa i resist\u00e8ncia<\/strong>: les peces s\u00f3n c\u00f2modes, per\u00f2 fermes.<\/li>\n\n\n\n<li><strong>Est\u00e8tica org\u00e0nica i natural<\/strong>: ideal per a qui busca accessoris que connectin amb l&#8217;artesanal.<\/li>\n\n\n\n<li><strong>Versatilitat de disseny<\/strong>: des d&#8217;estils minimalistes fins a peces boh\u00e8mies plenes de nusos i detalls.<\/li>\n\n\n\n<li><strong>Combinaci\u00f3 amb altres materials<\/strong>: pots incorporar comptes, pedres naturals, penjolls de metall o fusta per enriquir les teves creacions.<\/li>\n<\/ul>\n\n\n\n<p><strong>Alguns estils populars:<\/strong><\/p>\n\n\n\n<ul class=\"wp-block-list\">\n<li>Polseres de macram\u00e9 ajustables.<\/li>\n\n\n\n<li>Collarets amb nusos mariners.<\/li>\n\n\n\n<li>Arracades amb formes geom\u00e8triques teixides.<\/li>\n\n\n\n<li>Turmelleres estiuenques amb petites baldufes.<\/li>\n<\/ul>\n\n\n\n<p><strong>Consell pr\u00e0ctic:<\/strong> Treballar a aquesta escala requereix paci\u00e8ncia i precisi\u00f3. Una bona llum, eines petites (com ara pinces fines o agulles) i materials de qualitat s\u00f3n clau per aconseguir acabats professionals.<\/p>\n\n\n\n<h2 class=\"wp-block-heading\">Encordat com a art i ter\u00e0pia<\/h2>\n\n\n\n<p>M\u00e9s enll\u00e0 de la seva funcionalitat pr\u00e0ctica o est\u00e8tica, l&#8217;encordat artesanal t\u00e9 una dimensi\u00f3 profundament emocional i terap\u00e8utica. \u00c9s una activitat que connecta ment, cos i \u00e0nima, permetent explorar la creativitat des d&#8217;un lloc de calma, concentraci\u00f3 i gaudi. No \u00e9s exagerat dir que fer nusos, trenes i patrons repetitius es pot convertir en una forma de meditaci\u00f3 activa. Aqu\u00ed explorem com aquesta pr\u00e0ctica artesanal es transforma tamb\u00e9 en un espai per sanar, connectar i cr\u00e9ixer.<\/p>\n\n\n\n<h3 class=\"wp-block-heading\">El poder de treballar amb les mans<\/h3>\n\n\n\n<p>En una \u00e8poca on predominen les pantalles i all\u00f2 digital, treballar amb les mans esdev\u00e9 gaireb\u00e9 revolucionari. Encordar, teixir, fer nusos&#8230; tot aix\u00f2 ens retorna a un ritme m\u00e9s hum\u00e0, m\u00e9s sensorial. Les mans es converteixen en eines expressives que ens permeten crear alguna cosa des de zero, sense necessitat de tecnologia avan\u00e7ada ni maquin\u00e0ria.<\/p>\n\n\n\n<p>El simple acte de tensar una corda, entrella\u00e7ar-la o donar forma a un patr\u00f3 activa zones del cervell vinculades al plaer, la concentraci\u00f3 i la gratificaci\u00f3 immediata. Sentir les textures, veure com es forma un disseny amb cada moviment, genera una satisfacci\u00f3 que poques activitats modernes aconsegueixen igualar.<\/p>\n\n\n\n<p>A m\u00e9s, utilitzar les mans de forma repetitiva per\u00f2 creativa:<\/p>\n\n\n\n<ul class=\"wp-block-list\">\n<li>Redueix els nivells d&#8217;estr\u00e8s.<\/li>\n\n\n\n<li>Millora la motricitat fina.<\/li>\n\n\n\n<li>Estimula la producci\u00f3 de serotonina.<\/li>\n\n\n\n<li>Connecta amb la mem\u00f2ria ancestral dels oficis tradicionals.<\/li>\n<\/ul>\n\n\n\n<p>No \u00e9s casualitat que moltes persones trobin en aquest tipus d&#8217;artesanies un refugi emocional davant del caos diari.<\/p>\n\n\n\n<h3 class=\"wp-block-heading\">Mindfulness a trav\u00e9s del nus i la repetici\u00f3<\/h3>\n\n\n\n<p>L&#8217;encordat artesanal tamb\u00e9 es pot considerar una forma de mindfulness o atenci\u00f3 plena. Per qu\u00e8? Perqu\u00e8 t&#8217;obliga a ser present. Cada nus requereix focus, cada trena necessita que hi siguis, en aquell instant. No pots avan\u00e7ar el proc\u00e9s. Has d&#8217;anar pas a pas, corda a corda.<\/p>\n\n\n\n<p>Aquesta pr\u00e0ctica:<\/p>\n\n\n\n<ul class=\"wp-block-list\">\n<li>Centra la ment en l&#8217;aqu\u00ed i l&#8217;ara.<\/li>\n\n\n\n<li>Invita a desaccelerar.<\/li>\n\n\n\n<li>Crea un espai d&#8217;introspecci\u00f3 i silenci interior.<\/li>\n<\/ul>\n\n\n\n<p>Els moviments repetitius \u2014com en anudar una corda o repetir un patr\u00f3 sim\u00e8tric\u2014 generen un ritme mental similar al d&#8217;una meditaci\u00f3 guiada. A trav\u00e9s d&#8217;aquesta cad\u00e8ncia, es pot accedir a un estat de calma profunda. Moltes persones fins i tot ho descriuen com una \u201cdansa entre mans i ment\u201d.<\/p>\n\n\n\n<p>Aquesta dimensi\u00f3 meditativa fa de l&#8217;encordat no nom\u00e9s un hobby o una t\u00e8cnica, sin\u00f3 un cam\u00ed per cultivar la pau mental.<\/p>\n\n\n\n<h3 class=\"wp-block-heading\">Comunitats i tallers al voltant de l&#8217;encordat<\/h3>\n\n\n\n<p>Com tota pr\u00e0ctica artesanal, l&#8217;encordat tamb\u00e9 ha generat la seva pr\u00f2pia comunitat. Persones de totes les edats, g\u00e8neres i proced\u00e8ncies es reuneixen per compartir coneixements, t\u00e8cniques i, sobretot, experi\u00e8ncies humanes. Perqu\u00e8 l&#8217;encordat uneix \u2014literalment i simb\u00f2licament.<\/p>\n\n\n\n<p>En molts llocs, existeixen tallers presencials on s&#8217;apr\u00e8n a encordar mobles, crear tapissos, accessoris o escultures amb corda. Per\u00f2 tamb\u00e9 han proliferat les trobades virtuals, f\u00f2rums especialitzats i xarxes socials on artesans mostren el seu treball, resolen dubtes i s&#8217;inspiren m\u00fatuament.<\/p>\n\n\n\n<p>Participar en aquestes comunitats t\u00e9 m\u00faltiples beneficis:<\/p>\n\n\n\n<ul class=\"wp-block-list\">\n<li>Sentit de pertinen\u00e7a.<\/li>\n\n\n\n<li>Intercanvi de sabers i consells.<\/li>\n\n\n\n<li>Est\u00edmul creatiu en veure el que fan altres.<\/li>\n\n\n\n<li>Oportunitats per ensenyar, aprendre o vendre les teves creacions.<\/li>\n<\/ul>\n\n\n\n<p>A m\u00e9s, aquests espais funcionen com a refugis emocionals. En molts tallers, el focus no est\u00e0 nom\u00e9s en la t\u00e8cnica, sin\u00f3 en l&#8217;experi\u00e8ncia: compartir un mate, xerrar mentre es nua, riure dels errors i celebrar els \u00e8xits. L&#8217;artesania com a excusa per trobar-se.<\/p>\n\n\n\n<p>Aix\u00ed, l&#8217;encordat artesanal esdev\u00e9 molt m\u00e9s que una habilitat manual. Es transforma en un art que sana, uneix i eleva, permetent-nos reconnectar amb all\u00f2 essencial.<\/p>\n\n\n\n<h2 class=\"wp-block-heading\">Com iniciar-se en l&#8217;encordat artesanal<\/h2>\n\n\n\n<p>Endinsar-se en el m\u00f3n de l&#8217;encordat artesanal \u00e9s obrir la porta a un univers de creativitat, concentraci\u00f3 i gaudi manual. Afortunadament, no cal experi\u00e8ncia pr\u00e8via ni materials sofisticats per comen\u00e7ar. Amb ganes d&#8217;aprendre, una mica de paci\u00e8ncia i els elements adequats, qualsevol pot descobrir el plaer de crear amb cordes. Aqu\u00ed et mostrem com fer els teus primers passos de manera senzilla i gratificant.<\/p>\n\n\n\n<h3 class=\"wp-block-heading\">Primers passos per a principiants<\/h3>\n\n\n\n<p>Si est\u00e0s comen\u00e7ant des de zero, el m\u00e9s important \u00e9s familiaritzar-te amb els materials i t\u00e8cniques b\u00e0siques sense atabalar-te. Aqu\u00ed tens alguns consells clau per arrencar amb bon peu:<\/p>\n\n\n\n<ul class=\"wp-block-list\">\n<li>Comen\u00e7a amb corda gruixuda o de cot\u00f3, m\u00e9s f\u00e0cil de manipular.<\/li>\n\n\n\n<li>Apr\u00e8n els nusos b\u00e0sics: quadrat, alosa, mig nus i nus pla. Aquests et serviran de base per a m\u00faltiples projectes.<\/li>\n\n\n\n<li>Practica amb mostres: realitza petites pr\u00e0ctiques en trossos de fusta o cartr\u00f3 abans d&#8217;abordar objectes m\u00e9s complexos.<\/li>\n\n\n\n<li>Inverteix en eines b\u00e0siques: tisores afilades, cinta m\u00e8trica, pinces i una taula d&#8217;anudat (pot ser casolana).<\/li>\n\n\n\n<li>Crea el teu espai de treball: un lloc ben il\u00b7luminat i amb superf\u00edcie ferma marcar\u00e0 la difer\u00e8ncia.<\/li>\n<\/ul>\n\n\n\n<p>El m\u00e9s important al principi \u00e9s gaudir del proc\u00e9s sense obsessionar-se amb el resultat. Cada error \u00e9s una lli\u00e7\u00f3, i cada petit assoliment, una vict\u00f2ria.<\/p>\n\n\n\n<h3 class=\"wp-block-heading\">Projectes senzills per comen\u00e7ar<\/h3>\n\n\n\n<p>Per no frustrar-te a l&#8217;inici, et recomanem comen\u00e7ar amb projectes f\u00e0cils per\u00f2 visualment atractius. Aqu\u00ed tens algunes idees ideals per a principiants:<\/p>\n\n\n\n<ul class=\"wp-block-list\">\n<li>Tovallolers teixits: perfectes per practicar trenat i patrons simples.<\/li>\n\n\n\n<li>Clauers amb nusos decoratius: r\u00e0pids de fer i genials per regalar.<\/li>\n\n\n\n<li>Tapissos petits tipus macram\u00e9: es treballen en vertical i ajuden a dominar la simetria.<\/li>\n\n\n\n<li>Seients de tamboret amb corda: ideal si t&#8217;atreu l&#8217;encordat de mobiliari.<\/li>\n\n\n\n<li>Polseres o collarets: introdueixen la precisi\u00f3 i combinacions de color.<\/li>\n<\/ul>\n\n\n\n<p>Aquests projectes no nom\u00e9s t&#8217;ajuden a desenvolupar t\u00e8cnica, sin\u00f3 que tamb\u00e9 eleven la teva confian\u00e7a en veure resultats concrets des del principi.<\/p>\n\n\n\n<h3 class=\"wp-block-heading\">Recursos, llibres i tutorials recomanats<\/h3>\n\n\n\n<p>Afortunadament, l&#8217;encordat artesanal ha guanyat pres\u00e8ncia en plataformes digitals, per la qual cosa hi ha m\u00faltiples recursos al teu abast:<\/p>\n\n\n\n<ul class=\"wp-block-list\">\n<li><strong>YouTube<\/strong>: canals com ara <em>El Arte de Encordar<\/em> o <em>Macram\u00e9 Lovers<\/em> ofereixen tutorials pas a pas.<\/li>\n\n\n\n<li><strong>Llibres<\/strong>:\n<ul class=\"wp-block-list\">\n<li><em>\u201cMacram\u00e9 Moderno\u201d de Fanny Zedenius<\/em>: ideal per a principiants amb projectes visuals.<\/li>\n\n\n\n<li><em>\u201cKnots: The Complete Visual Guide\u201d<\/em> de Des Pawson: una b\u00edblia dels nusos, molt clara.<\/li>\n<\/ul>\n<\/li>\n\n\n\n<li><strong>Blogs i Pinterest<\/strong>: excel\u00b7lents per a inspiraci\u00f3 i patrons gratu\u00efts.<\/li>\n\n\n\n<li><strong>Tallers presencials o en l\u00ednia<\/strong>: una excel\u00b7lent manera d&#8217;aprendre amb acompanyament.<\/li>\n<\/ul>\n\n\n\n<p>Busca sempre materials did\u00e0ctics amb fotos grans, instruccions clares i nivell progressiu. L&#8217;ideal \u00e9s combinar pr\u00e0ctica visual amb refer\u00e8ncies escrites.<\/p>\n\n\n\n<h2 class=\"wp-block-heading\">Consells i errors comuns<\/h2>\n\n\n\n<p>Com en qualsevol disciplina manual, l&#8217;encordat artesanal requereix temps, const\u00e0ncia i atenci\u00f3 al detall. Cometre errors forma part del cam\u00ed, per\u00f2 con\u00e8ixer els m\u00e9s comuns pot ajudar-te a evitar-los i avan\u00e7ar amb m\u00e9s seguretat.<\/p>\n\n\n\n<h3 class=\"wp-block-heading\">Qu\u00e8 evitar quan est\u00e0s comen\u00e7ant<\/h3>\n\n\n\n<p>En comen\u00e7ar, \u00e9s normal tenir ensopegades, per\u00f2 hi ha certs errors que pots prevenir f\u00e0cilment:<\/p>\n\n\n\n<ul class=\"wp-block-list\">\n<li>Triar cordes massa fines o relliscoses: dificulten l&#8217;aprenentatge.<\/li>\n\n\n\n<li>No mesurar b\u00e9 abans de tallar: pot ser que et falti corda a meitat del treball.<\/li>\n\n\n\n<li>Tensar massa o molt poc: afecta la simetria i l&#8217;estructura.<\/li>\n\n\n\n<li>No practicar els nusos pr\u00e8viament: llan\u00e7ar-se sense dominar-los genera frustraci\u00f3.<\/li>\n\n\n\n<li>Impaci\u00e8ncia amb els resultats: cada pe\u00e7a millora amb l&#8217;experi\u00e8ncia.<\/li>\n<\/ul>\n\n\n\n<p>L&#8217;encordat requereix paci\u00e8ncia. Respira, desf\u00e9s si \u00e9s necessari, i torna-ho a intentar. Aix\u00f2 tamb\u00e9 forma part de l&#8217;art.<\/p>\n\n\n\n<h3 class=\"wp-block-heading\">Com millorar la simetria i precisi\u00f3<\/h3>\n\n\n\n<p>Una de les claus perqu\u00e8 el teu treball llueixi professional \u00e9s aconseguir simetria i regularitat en els nusos i patrons. Aqu\u00ed tens alguns trucs per perfeccionar la teva t\u00e8cnica:<\/p>\n\n\n\n<ul class=\"wp-block-list\">\n<li>Marca punts de refer\u00e8ncia: utilitza llapis o cinta adhesiva per alinear cordes en projectes grans.<\/li>\n\n\n\n<li>Utilitza una taula d&#8217;anudat o suport vertical: et donar\u00e0 m\u00e9s control visual.<\/li>\n\n\n\n<li>Fes nusos sempre amb la mateixa tensi\u00f3: evita estr\u00e8nyer de m\u00e9s o deixar fluix.<\/li>\n\n\n\n<li>Revisa constantment el patr\u00f3: detectar un error a temps evita refer molt despr\u00e9s.<\/li>\n\n\n\n<li>Fotografia les teves peces: veure-les des d&#8217;una altra perspectiva t&#8217;ajuda a identificar detalls a millorar.<\/li>\n<\/ul>\n\n\n\n<p>La precisi\u00f3 es cultiva amb la pr\u00e0ctica constant. No es tracta de ser perfecte, sin\u00f3 d&#8217;observar, ajustar i repetir fins que flueixi.<\/p>\n\n\n\n<h3 class=\"wp-block-heading\">Manteniment i cura de peces encordades<\/h3>\n\n\n\n<p>Una vegada acabat el teu projecte, mantenir-lo en bon estat \u00e9s tan important com haver-lo creat. Aquestes peces, en estar fetes a m\u00e0 i amb materials sensibles, requereixen certa cura:<\/p>\n\n\n\n<ul class=\"wp-block-list\">\n<li>Evita exposar-les a la humitat o al sol directe durant molt de temps.<\/li>\n\n\n\n<li>Neteja-les amb raspall sec o drap humit segons el material.<\/li>\n\n\n\n<li>En mobles, aplica vernissos o olis naturals que protegeixin sense danyar la corda.<\/li>\n\n\n\n<li>Guarda les peces delicades en llocs sense pes a sobre per evitar deformacions.<\/li>\n\n\n\n<li>Si \u00e9s necessari, repr\u00e8n o refor\u00e7a nusos amb el temps per prolongar la seva vida \u00fatil.<\/li>\n<\/ul>\n\n\n\n<p>Cuidar una pe\u00e7a encordada \u00e9s tamb\u00e9 una forma d&#8217;honorar el temps, l&#8217;atenci\u00f3 i la bellesa invertida en ella.<\/p>\n","protected":false},"excerpt":{"rendered":"<p>L&#8217;encordat artesanal no sols aporta funcionalitat als teus mobles, sin\u00f3 que tamb\u00e9 els d\u00f3na un toc \u00fanic d&#8217;eleg\u00e0ncia i d&#8217;hist\u00f2ria. Descobreix com aquesta t\u00e8cnica, que ha passat de generaci\u00f3 a generaci\u00f3, transforma qualsevol pe\u00e7a en un objecte d&#8217;art. Coneix els tipus d&#8217;encordat, el seu proc\u00e9s i com aplicar-lo als projectes de restauraci\u00f3 o creaci\u00f3 de mobles.<\/p>\n","protected":false},"author":1,"featured_media":3232,"comment_status":"open","ping_status":"open","sticky":false,"template":"","format":"standard","meta":{"_acf_changed":false,"_et_pb_use_builder":"off","_et_pb_old_content":"","_et_gb_content_width":"","_daim_seo_power":"1000","_daim_enable_ail":"1","footnotes":""},"categories":[32],"tags":[],"class_list":["post-3234","post","type-post","status-publish","format-standard","has-post-thumbnail","hentry","category-botiga-blog"],"acf":[],"yoast_head":"<!-- This site is optimized with the Yoast SEO Premium plugin v27.2 (Yoast SEO v27.4) - https:\/\/yoast.com\/product\/yoast-seo-premium-wordpress\/ -->\n<title>Encordat artesanal: tradici\u00f3 i eleg\u00e0ncia - Mel i Llimona &amp; iCanyella: Artesan\u00eda, Gastronom\u00eda y Comunidad en Badalona<\/title>\n<meta name=\"description\" content=\"Apr\u00e8n qu\u00e8 \u00e9s l&#039;encordat artesanal, com s&#039;aplica a mobles i per qu\u00e8 \u00e9s essencial en el treball manual i decoratiu.\" \/>\n<meta name=\"robots\" content=\"index, follow, max-snippet:-1, max-image-preview:large, max-video-preview:-1\" \/>\n<link rel=\"canonical\" href=\"https:\/\/melillimonartesania.com\/ca\/encordat-artesanal\/\" \/>\n<meta property=\"og:locale\" content=\"ca_ES\" \/>\n<meta property=\"og:type\" content=\"article\" \/>\n<meta property=\"og:title\" content=\"Encordat artesanal: tradici\u00f3 i eleg\u00e0ncia\" \/>\n<meta property=\"og:description\" content=\"Apr\u00e8n qu\u00e8 \u00e9s l&#039;encordat artesanal, com s&#039;aplica a mobles i per qu\u00e8 \u00e9s essencial en el treball manual i decoratiu.\" \/>\n<meta property=\"og:url\" content=\"https:\/\/melillimonartesania.com\/ca\/encordat-artesanal\/\" \/>\n<meta property=\"og:site_name\" content=\"Mel i Llimona &amp; iCanyella: Artesan\u00eda, Gastronom\u00eda y Comunidad en Badalona\" \/>\n<meta property=\"article:published_time\" content=\"2025-05-14T14:18:55+00:00\" \/>\n<meta property=\"article:modified_time\" content=\"2025-05-14T14:19:21+00:00\" \/>\n<meta property=\"og:image\" content=\"https:\/\/melillimonartesania.com\/wp-content\/uploads\/2025\/05\/encordado-artesanal.jpg\" \/>\n\t<meta property=\"og:image:width\" content=\"1920\" \/>\n\t<meta property=\"og:image:height\" content=\"1080\" \/>\n\t<meta property=\"og:image:type\" content=\"image\/jpeg\" \/>\n<meta name=\"author\" content=\"Wilbor\" \/>\n<meta name=\"twitter:card\" content=\"summary_large_image\" \/>\n<meta name=\"twitter:label1\" content=\"Escrit per\" \/>\n\t<meta name=\"twitter:data1\" content=\"Wilbor\" \/>\n\t<meta name=\"twitter:label2\" content=\"Temps estimat de lectura\" \/>\n\t<meta name=\"twitter:data2\" content=\"20 minuts\" \/>\n<script type=\"application\/ld+json\" class=\"yoast-schema-graph\">{\"@context\":\"https:\\\/\\\/schema.org\",\"@graph\":[{\"@type\":\"Article\",\"@id\":\"https:\\\/\\\/melillimonartesania.com\\\/ca\\\/encordat-artesanal\\\/#article\",\"isPartOf\":{\"@id\":\"https:\\\/\\\/melillimonartesania.com\\\/ca\\\/encordat-artesanal\\\/\"},\"author\":{\"name\":\"Wilbor\",\"@id\":\"https:\\\/\\\/melillimonartesania.com\\\/ca\\\/#\\\/schema\\\/person\\\/adcfe7089d2b78f6b4c97e1715f3fb51\"},\"headline\":\"Encordat artesanal: tradici\u00f3 i eleg\u00e0ncia\",\"datePublished\":\"2025-05-14T14:18:55+00:00\",\"dateModified\":\"2025-05-14T14:19:21+00:00\",\"mainEntityOfPage\":{\"@id\":\"https:\\\/\\\/melillimonartesania.com\\\/ca\\\/encordat-artesanal\\\/\"},\"wordCount\":4262,\"commentCount\":0,\"publisher\":{\"@id\":\"https:\\\/\\\/melillimonartesania.com\\\/ca\\\/#organization\"},\"image\":{\"@id\":\"https:\\\/\\\/melillimonartesania.com\\\/ca\\\/encordat-artesanal\\\/#primaryimage\"},\"thumbnailUrl\":\"https:\\\/\\\/melillimonartesania.com\\\/wp-content\\\/uploads\\\/2025\\\/05\\\/encordado-artesanal.jpg\",\"articleSection\":[\"iCanyella Botiga\"],\"inLanguage\":\"ca\",\"potentialAction\":[{\"@type\":\"CommentAction\",\"name\":\"Comment\",\"target\":[\"https:\\\/\\\/melillimonartesania.com\\\/ca\\\/encordat-artesanal\\\/#respond\"]}]},{\"@type\":\"WebPage\",\"@id\":\"https:\\\/\\\/melillimonartesania.com\\\/ca\\\/encordat-artesanal\\\/\",\"url\":\"https:\\\/\\\/melillimonartesania.com\\\/ca\\\/encordat-artesanal\\\/\",\"name\":\"Encordat artesanal: tradici\u00f3 i eleg\u00e0ncia - Mel i Llimona &amp; iCanyella: Artesan\u00eda, Gastronom\u00eda y Comunidad en Badalona\",\"isPartOf\":{\"@id\":\"https:\\\/\\\/melillimonartesania.com\\\/ca\\\/#website\"},\"primaryImageOfPage\":{\"@id\":\"https:\\\/\\\/melillimonartesania.com\\\/ca\\\/encordat-artesanal\\\/#primaryimage\"},\"image\":{\"@id\":\"https:\\\/\\\/melillimonartesania.com\\\/ca\\\/encordat-artesanal\\\/#primaryimage\"},\"thumbnailUrl\":\"https:\\\/\\\/melillimonartesania.com\\\/wp-content\\\/uploads\\\/2025\\\/05\\\/encordado-artesanal.jpg\",\"datePublished\":\"2025-05-14T14:18:55+00:00\",\"dateModified\":\"2025-05-14T14:19:21+00:00\",\"description\":\"Apr\u00e8n qu\u00e8 \u00e9s l'encordat artesanal, com s'aplica a mobles i per qu\u00e8 \u00e9s essencial en el treball manual i decoratiu.\",\"breadcrumb\":{\"@id\":\"https:\\\/\\\/melillimonartesania.com\\\/ca\\\/encordat-artesanal\\\/#breadcrumb\"},\"inLanguage\":\"ca\",\"potentialAction\":[{\"@type\":\"ReadAction\",\"target\":[\"https:\\\/\\\/melillimonartesania.com\\\/ca\\\/encordat-artesanal\\\/\"]}]},{\"@type\":\"ImageObject\",\"inLanguage\":\"ca\",\"@id\":\"https:\\\/\\\/melillimonartesania.com\\\/ca\\\/encordat-artesanal\\\/#primaryimage\",\"url\":\"https:\\\/\\\/melillimonartesania.com\\\/wp-content\\\/uploads\\\/2025\\\/05\\\/encordado-artesanal.jpg\",\"contentUrl\":\"https:\\\/\\\/melillimonartesania.com\\\/wp-content\\\/uploads\\\/2025\\\/05\\\/encordado-artesanal.jpg\",\"width\":1920,\"height\":1080,\"caption\":\"Encordat artesanal\"},{\"@type\":\"BreadcrumbList\",\"@id\":\"https:\\\/\\\/melillimonartesania.com\\\/ca\\\/encordat-artesanal\\\/#breadcrumb\",\"itemListElement\":[{\"@type\":\"ListItem\",\"position\":1,\"name\":\"Portada\",\"item\":\"https:\\\/\\\/melillimonartesania.com\\\/ca\\\/mel-i-llimona-icanyella\\\/\"},{\"@type\":\"ListItem\",\"position\":2,\"name\":\"Encordat artesanal: tradici\u00f3 i eleg\u00e0ncia\"}]},{\"@type\":\"WebSite\",\"@id\":\"https:\\\/\\\/melillimonartesania.com\\\/ca\\\/#website\",\"url\":\"https:\\\/\\\/melillimonartesania.com\\\/ca\\\/\",\"name\":\"Mel i Llimona &amp; iCanyella: Artesan\u00eda, Gastronom\u00eda y Comunidad en Badalona\",\"description\":\"Mel i Llimona &amp; iCanyella, un espacio que conserva su esencia artesanal  y a\u00f1ade degustaci\u00f3n ecol\u00f3gica, mercado sostenible y un espacio para la comunidad en Badalona.\",\"publisher\":{\"@id\":\"https:\\\/\\\/melillimonartesania.com\\\/ca\\\/#organization\"},\"potentialAction\":[{\"@type\":\"SearchAction\",\"target\":{\"@type\":\"EntryPoint\",\"urlTemplate\":\"https:\\\/\\\/melillimonartesania.com\\\/ca\\\/?s={search_term_string}\"},\"query-input\":{\"@type\":\"PropertyValueSpecification\",\"valueRequired\":true,\"valueName\":\"search_term_string\"}}],\"inLanguage\":\"ca\"},{\"@type\":[\"Organization\",\"Place\",\"LocalBusiness\"],\"@id\":\"https:\\\/\\\/melillimonartesania.com\\\/ca\\\/#organization\",\"name\":\"Mel i Llimona Creaci\u00f3 Artesanal S.C.C.L.\",\"alternateName\":\"Mel i Llimona iCanyella\",\"url\":\"https:\\\/\\\/melillimonartesania.com\\\/ca\\\/\",\"logo\":{\"@id\":\"https:\\\/\\\/melillimonartesania.com\\\/ca\\\/encordat-artesanal\\\/#local-main-organization-logo\"},\"image\":{\"@id\":\"https:\\\/\\\/melillimonartesania.com\\\/ca\\\/encordat-artesanal\\\/#local-main-organization-logo\"},\"description\":\"Mel i Llimona Artesan\u00eda en Badalona: Desde 2018, somos el taller de referencia para la restauraci\u00f3n profesional de muebles antiguos y el arte del 'hazlo t\u00fa mismo'. Hemos evolucionado a iCanyella en Badalona, un espacio que integra nuestro taller tradicional con un mercado local de artesan\u00eda sostenible y degustaci\u00f3n de productos ecol\u00f3gicos. Vis\u00edtanos para tus proyectos de restauraci\u00f3n, talleres comunitarios y para apoyar el comercio justo en la zona.\",\"numberOfEmployees\":{\"@type\":\"QuantitativeValue\",\"minValue\":\"1\",\"maxValue\":\"10\"},\"address\":{\"@id\":\"https:\\\/\\\/melillimonartesania.com\\\/ca\\\/encordat-artesanal\\\/#local-main-place-address\"},\"telephone\":[\"+34 635 422 982\"],\"contactPoint\":{\"@type\":\"ContactPoint\",\"telephone\":\"+34 635 422 982\",\"email\":\"info@melillimonartesania.com\"},\"openingHoursSpecification\":[{\"@type\":\"OpeningHoursSpecification\",\"dayOfWeek\":[\"Monday\"],\"opens\":\"17:00\",\"closes\":\"20:00\"},{\"@type\":\"OpeningHoursSpecification\",\"dayOfWeek\":[\"Tuesday\",\"Wednesday\",\"Thursday\",\"Friday\"],\"opens\":\"09:00\",\"closes\":\"20:00\"},{\"@type\":\"OpeningHoursSpecification\",\"dayOfWeek\":[\"Saturday\"],\"opens\":\"09:00\",\"closes\":\"14:00\"},{\"@type\":\"OpeningHoursSpecification\",\"dayOfWeek\":[\"Sunday\"],\"opens\":\"00:00\",\"closes\":\"00:00\"}],\"email\":\"hola@melillimonartesania.com\",\"areaServed\":\"Badalona, Barcelona, Maresme\",\"vatID\":\"F56933963\",\"taxID\":\"F56933963\",\"currenciesAccepted\":\"EUR\",\"paymentAccepted\":\"Contado, tarjeta\"},{\"@type\":\"Person\",\"@id\":\"https:\\\/\\\/melillimonartesania.com\\\/ca\\\/#\\\/schema\\\/person\\\/adcfe7089d2b78f6b4c97e1715f3fb51\",\"name\":\"Wilbor\",\"image\":{\"@type\":\"ImageObject\",\"inLanguage\":\"ca\",\"@id\":\"https:\\\/\\\/melillimonartesania.com\\\/wp-content\\\/litespeed\\\/avatar\\\/094c47bddcb02590399f4ab89d410ae8.jpg?ver=1776992530\",\"url\":\"https:\\\/\\\/melillimonartesania.com\\\/wp-content\\\/litespeed\\\/avatar\\\/094c47bddcb02590399f4ab89d410ae8.jpg?ver=1776992530\",\"contentUrl\":\"https:\\\/\\\/melillimonartesania.com\\\/wp-content\\\/litespeed\\\/avatar\\\/094c47bddcb02590399f4ab89d410ae8.jpg?ver=1776992530\",\"caption\":\"Wilbor\"},\"sameAs\":[\"https:\\\/\\\/melillimonartesania.com\"]},{\"@type\":\"PostalAddress\",\"@id\":\"https:\\\/\\\/melillimonartesania.com\\\/ca\\\/encordat-artesanal\\\/#local-main-place-address\",\"streetAddress\":\"Carrer d'Arn\u00fas, 36\",\"addressLocality\":\"Badalona\",\"postalCode\":\"08911\",\"addressRegion\":\"Catalunya\",\"addressCountry\":\"ES\"},{\"@type\":\"ImageObject\",\"inLanguage\":\"ca\",\"@id\":\"https:\\\/\\\/melillimonartesania.com\\\/ca\\\/encordat-artesanal\\\/#local-main-organization-logo\",\"url\":\"https:\\\/\\\/melillimonartesania.com\\\/wp-content\\\/uploads\\\/2025\\\/09\\\/melillimona-icanyella-black.svg\",\"contentUrl\":\"https:\\\/\\\/melillimonartesania.com\\\/wp-content\\\/uploads\\\/2025\\\/09\\\/melillimona-icanyella-black.svg\",\"width\":135,\"height\":20,\"caption\":\"Mel i Llimona Creaci\u00f3 Artesanal S.C.C.L.\"}]}<\/script>\n<meta name=\"geo.placename\" content=\"Badalona\" \/>\n<meta name=\"geo.region\" content=\"Espanya\" \/>\n<!-- \/ Yoast SEO Premium plugin. -->","yoast_head_json":{"title":"Encordat artesanal: tradici\u00f3 i eleg\u00e0ncia - Mel i Llimona &amp; iCanyella: Artesan\u00eda, Gastronom\u00eda y Comunidad en Badalona","description":"Apr\u00e8n qu\u00e8 \u00e9s l'encordat artesanal, com s'aplica a mobles i per qu\u00e8 \u00e9s essencial en el treball manual i decoratiu.","robots":{"index":"index","follow":"follow","max-snippet":"max-snippet:-1","max-image-preview":"max-image-preview:large","max-video-preview":"max-video-preview:-1"},"canonical":"https:\/\/melillimonartesania.com\/ca\/encordat-artesanal\/","og_locale":"ca_ES","og_type":"article","og_title":"Encordat artesanal: tradici\u00f3 i eleg\u00e0ncia","og_description":"Apr\u00e8n qu\u00e8 \u00e9s l'encordat artesanal, com s'aplica a mobles i per qu\u00e8 \u00e9s essencial en el treball manual i decoratiu.","og_url":"https:\/\/melillimonartesania.com\/ca\/encordat-artesanal\/","og_site_name":"Mel i Llimona &amp; iCanyella: Artesan\u00eda, Gastronom\u00eda y Comunidad en Badalona","article_published_time":"2025-05-14T14:18:55+00:00","article_modified_time":"2025-05-14T14:19:21+00:00","og_image":[{"width":1920,"height":1080,"url":"https:\/\/melillimonartesania.com\/wp-content\/uploads\/2025\/05\/encordado-artesanal.jpg","type":"image\/jpeg"}],"author":"Wilbor","twitter_card":"summary_large_image","twitter_misc":{"Escrit per":"Wilbor","Temps estimat de lectura":"20 minuts"},"schema":{"@context":"https:\/\/schema.org","@graph":[{"@type":"Article","@id":"https:\/\/melillimonartesania.com\/ca\/encordat-artesanal\/#article","isPartOf":{"@id":"https:\/\/melillimonartesania.com\/ca\/encordat-artesanal\/"},"author":{"name":"Wilbor","@id":"https:\/\/melillimonartesania.com\/ca\/#\/schema\/person\/adcfe7089d2b78f6b4c97e1715f3fb51"},"headline":"Encordat artesanal: tradici\u00f3 i eleg\u00e0ncia","datePublished":"2025-05-14T14:18:55+00:00","dateModified":"2025-05-14T14:19:21+00:00","mainEntityOfPage":{"@id":"https:\/\/melillimonartesania.com\/ca\/encordat-artesanal\/"},"wordCount":4262,"commentCount":0,"publisher":{"@id":"https:\/\/melillimonartesania.com\/ca\/#organization"},"image":{"@id":"https:\/\/melillimonartesania.com\/ca\/encordat-artesanal\/#primaryimage"},"thumbnailUrl":"https:\/\/melillimonartesania.com\/wp-content\/uploads\/2025\/05\/encordado-artesanal.jpg","articleSection":["iCanyella Botiga"],"inLanguage":"ca","potentialAction":[{"@type":"CommentAction","name":"Comment","target":["https:\/\/melillimonartesania.com\/ca\/encordat-artesanal\/#respond"]}]},{"@type":"WebPage","@id":"https:\/\/melillimonartesania.com\/ca\/encordat-artesanal\/","url":"https:\/\/melillimonartesania.com\/ca\/encordat-artesanal\/","name":"Encordat artesanal: tradici\u00f3 i eleg\u00e0ncia - Mel i Llimona &amp; iCanyella: Artesan\u00eda, Gastronom\u00eda y Comunidad en Badalona","isPartOf":{"@id":"https:\/\/melillimonartesania.com\/ca\/#website"},"primaryImageOfPage":{"@id":"https:\/\/melillimonartesania.com\/ca\/encordat-artesanal\/#primaryimage"},"image":{"@id":"https:\/\/melillimonartesania.com\/ca\/encordat-artesanal\/#primaryimage"},"thumbnailUrl":"https:\/\/melillimonartesania.com\/wp-content\/uploads\/2025\/05\/encordado-artesanal.jpg","datePublished":"2025-05-14T14:18:55+00:00","dateModified":"2025-05-14T14:19:21+00:00","description":"Apr\u00e8n qu\u00e8 \u00e9s l'encordat artesanal, com s'aplica a mobles i per qu\u00e8 \u00e9s essencial en el treball manual i decoratiu.","breadcrumb":{"@id":"https:\/\/melillimonartesania.com\/ca\/encordat-artesanal\/#breadcrumb"},"inLanguage":"ca","potentialAction":[{"@type":"ReadAction","target":["https:\/\/melillimonartesania.com\/ca\/encordat-artesanal\/"]}]},{"@type":"ImageObject","inLanguage":"ca","@id":"https:\/\/melillimonartesania.com\/ca\/encordat-artesanal\/#primaryimage","url":"https:\/\/melillimonartesania.com\/wp-content\/uploads\/2025\/05\/encordado-artesanal.jpg","contentUrl":"https:\/\/melillimonartesania.com\/wp-content\/uploads\/2025\/05\/encordado-artesanal.jpg","width":1920,"height":1080,"caption":"Encordat artesanal"},{"@type":"BreadcrumbList","@id":"https:\/\/melillimonartesania.com\/ca\/encordat-artesanal\/#breadcrumb","itemListElement":[{"@type":"ListItem","position":1,"name":"Portada","item":"https:\/\/melillimonartesania.com\/ca\/mel-i-llimona-icanyella\/"},{"@type":"ListItem","position":2,"name":"Encordat artesanal: tradici\u00f3 i eleg\u00e0ncia"}]},{"@type":"WebSite","@id":"https:\/\/melillimonartesania.com\/ca\/#website","url":"https:\/\/melillimonartesania.com\/ca\/","name":"Mel i Llimona &amp; iCanyella: Artesan\u00eda, Gastronom\u00eda y Comunidad en Badalona","description":"Mel i Llimona &amp; iCanyella, un espacio que conserva su esencia artesanal  y a\u00f1ade degustaci\u00f3n ecol\u00f3gica, mercado sostenible y un espacio para la comunidad en Badalona.","publisher":{"@id":"https:\/\/melillimonartesania.com\/ca\/#organization"},"potentialAction":[{"@type":"SearchAction","target":{"@type":"EntryPoint","urlTemplate":"https:\/\/melillimonartesania.com\/ca\/?s={search_term_string}"},"query-input":{"@type":"PropertyValueSpecification","valueRequired":true,"valueName":"search_term_string"}}],"inLanguage":"ca"},{"@type":["Organization","Place","LocalBusiness"],"@id":"https:\/\/melillimonartesania.com\/ca\/#organization","name":"Mel i Llimona Creaci\u00f3 Artesanal S.C.C.L.","alternateName":"Mel i Llimona iCanyella","url":"https:\/\/melillimonartesania.com\/ca\/","logo":{"@id":"https:\/\/melillimonartesania.com\/ca\/encordat-artesanal\/#local-main-organization-logo"},"image":{"@id":"https:\/\/melillimonartesania.com\/ca\/encordat-artesanal\/#local-main-organization-logo"},"description":"Mel i Llimona Artesan\u00eda en Badalona: Desde 2018, somos el taller de referencia para la restauraci\u00f3n profesional de muebles antiguos y el arte del 'hazlo t\u00fa mismo'. Hemos evolucionado a iCanyella en Badalona, un espacio que integra nuestro taller tradicional con un mercado local de artesan\u00eda sostenible y degustaci\u00f3n de productos ecol\u00f3gicos. Vis\u00edtanos para tus proyectos de restauraci\u00f3n, talleres comunitarios y para apoyar el comercio justo en la zona.","numberOfEmployees":{"@type":"QuantitativeValue","minValue":"1","maxValue":"10"},"address":{"@id":"https:\/\/melillimonartesania.com\/ca\/encordat-artesanal\/#local-main-place-address"},"telephone":["+34 635 422 982"],"contactPoint":{"@type":"ContactPoint","telephone":"+34 635 422 982","email":"info@melillimonartesania.com"},"openingHoursSpecification":[{"@type":"OpeningHoursSpecification","dayOfWeek":["Monday"],"opens":"17:00","closes":"20:00"},{"@type":"OpeningHoursSpecification","dayOfWeek":["Tuesday","Wednesday","Thursday","Friday"],"opens":"09:00","closes":"20:00"},{"@type":"OpeningHoursSpecification","dayOfWeek":["Saturday"],"opens":"09:00","closes":"14:00"},{"@type":"OpeningHoursSpecification","dayOfWeek":["Sunday"],"opens":"00:00","closes":"00:00"}],"email":"hola@melillimonartesania.com","areaServed":"Badalona, Barcelona, Maresme","vatID":"F56933963","taxID":"F56933963","currenciesAccepted":"EUR","paymentAccepted":"Contado, tarjeta"},{"@type":"Person","@id":"https:\/\/melillimonartesania.com\/ca\/#\/schema\/person\/adcfe7089d2b78f6b4c97e1715f3fb51","name":"Wilbor","image":{"@type":"ImageObject","inLanguage":"ca","@id":"https:\/\/melillimonartesania.com\/wp-content\/litespeed\/avatar\/094c47bddcb02590399f4ab89d410ae8.jpg?ver=1776992530","url":"https:\/\/melillimonartesania.com\/wp-content\/litespeed\/avatar\/094c47bddcb02590399f4ab89d410ae8.jpg?ver=1776992530","contentUrl":"https:\/\/melillimonartesania.com\/wp-content\/litespeed\/avatar\/094c47bddcb02590399f4ab89d410ae8.jpg?ver=1776992530","caption":"Wilbor"},"sameAs":["https:\/\/melillimonartesania.com"]},{"@type":"PostalAddress","@id":"https:\/\/melillimonartesania.com\/ca\/encordat-artesanal\/#local-main-place-address","streetAddress":"Carrer d'Arn\u00fas, 36","addressLocality":"Badalona","postalCode":"08911","addressRegion":"Catalunya","addressCountry":"ES"},{"@type":"ImageObject","inLanguage":"ca","@id":"https:\/\/melillimonartesania.com\/ca\/encordat-artesanal\/#local-main-organization-logo","url":"https:\/\/melillimonartesania.com\/wp-content\/uploads\/2025\/09\/melillimona-icanyella-black.svg","contentUrl":"https:\/\/melillimonartesania.com\/wp-content\/uploads\/2025\/09\/melillimona-icanyella-black.svg","width":135,"height":20,"caption":"Mel i Llimona Creaci\u00f3 Artesanal S.C.C.L."}]},"geo.placename":"Badalona","geo.region":"Espanya"},"_links":{"self":[{"href":"https:\/\/melillimonartesania.com\/ca\/wp-json\/wp\/v2\/posts\/3234","targetHints":{"allow":["GET"]}}],"collection":[{"href":"https:\/\/melillimonartesania.com\/ca\/wp-json\/wp\/v2\/posts"}],"about":[{"href":"https:\/\/melillimonartesania.com\/ca\/wp-json\/wp\/v2\/types\/post"}],"author":[{"embeddable":true,"href":"https:\/\/melillimonartesania.com\/ca\/wp-json\/wp\/v2\/users\/1"}],"replies":[{"embeddable":true,"href":"https:\/\/melillimonartesania.com\/ca\/wp-json\/wp\/v2\/comments?post=3234"}],"version-history":[{"count":0,"href":"https:\/\/melillimonartesania.com\/ca\/wp-json\/wp\/v2\/posts\/3234\/revisions"}],"wp:featuredmedia":[{"embeddable":true,"href":"https:\/\/melillimonartesania.com\/ca\/wp-json\/wp\/v2\/media\/3232"}],"wp:attachment":[{"href":"https:\/\/melillimonartesania.com\/ca\/wp-json\/wp\/v2\/media?parent=3234"}],"wp:term":[{"taxonomy":"category","embeddable":true,"href":"https:\/\/melillimonartesania.com\/ca\/wp-json\/wp\/v2\/categories?post=3234"},{"taxonomy":"post_tag","embeddable":true,"href":"https:\/\/melillimonartesania.com\/ca\/wp-json\/wp\/v2\/tags?post=3234"}],"curies":[{"name":"wp","href":"https:\/\/api.w.org\/{rel}","templated":true}]}}